{"id":1049,"date":"2023-04-27T12:21:28","date_gmt":"2023-04-27T10:21:28","guid":{"rendered":"https:\/\/www.sachsen-anhalt.freidenker.org\/cms\/?p=1049"},"modified":"2023-04-27T12:21:28","modified_gmt":"2023-04-27T10:21:28","slug":"aenderung-zum-veranstaltungswochenende-28-04-bis-01-05-2023","status":"publish","type":"post","link":"https:\/\/www.sachsen-anhalt.freidenker.org\/cms\/?p=1049","title":{"rendered":"\u00c4nderung zum Veranstaltungswochenende 28.04. bis 01.05.2023*"},"content":{"rendered":"<p align=\"justify\"><span style=\"font-family: DejaVu Serif, serif;\"><span style=\"font-size: medium;\"><i><a href=\"https:\/\/www.sachsen-anhalt.freidenker.org\/cms\/wp-content\/uploads\/2023\/04\/20230427_114712-scaled.jpg\"><img loading=\"lazy\" decoding=\"async\" class=\"alignleft wp-image-1050 size-thumbnail\" src=\"https:\/\/www.sachsen-anhalt.freidenker.org\/cms\/wp-content\/uploads\/2023\/04\/20230427_114712-150x150.jpg\" alt=\"\" width=\"150\" height=\"150\" \/><\/a>Leider m\u00fcssen wir unser Programm<a href=\"https:\/\/www.sachsen-anhalt.freidenker.org\/cms\/?p=1014\" target=\"_blank\" rel=\"noopener\">*<\/a> etwas \u00e4ndern, da <\/i><\/span><\/span><span style=\"font-family: DejaVu Serif, serif;\"><span style=\"font-size: medium;\"><i>Werner R\u00fcgemer <\/i><\/span><\/span><span style=\"font-family: DejaVu Serif, serif;\"><span style=\"font-size: medium;\"><i>aus pers\u00f6nlichen Gr\u00fcnden an unserem Veranstaltungswochenende nicht teilnehmen kann, f\u00e4llt auch das mit ihm geplante Seminar aus. Aber wir w\u00e4ren keine Freidenker, wenn wir nicht nach M\u00f6glichkeiten suchen w\u00fcrden, vor allem wenn <\/i><\/span><\/span><span style=\"font-family: DejaVu Serif, serif;\"><span style=\"font-size: medium;\"><i>diese<\/i><\/span><\/span><span style=\"font-family: DejaVu Serif, serif;\"><span style=\"font-size: medium;\"><i> durchaus naheliegend zu finden sind. Und so wird es am Samstag eine <\/i><\/span><\/span><span style=\"font-family: DejaVu Serif, serif;\"><span style=\"font-size: medium;\"><i>thematische Besprechung <\/i><\/span><\/span><span style=\"font-family: DejaVu Serif, serif;\"><span style=\"font-size: medium;\"><i>zu einem Buch geben, welches <\/i><\/span><\/span><span style=\"font-family: DejaVu Serif, serif;\"><span style=\"font-size: medium;\"><i>erst <\/i><\/span><\/span><span style=\"font-family: DejaVu Serif, serif;\"><span style=\"font-size: medium;\"><i>am 05.05.2023 <\/i><\/span><\/span><span style=\"font-family: DejaVu Serif, serif;\"><span style=\"font-size: medium;\"><i>in Wernigerode <\/i><\/span><\/span><span style=\"font-family: DejaVu Serif, serif;\"><span style=\"font-size: medium;\"><i>\u00f6ffentlich vorgestellt wird. <\/i><\/span><\/span><\/p>\n<p align=\"justify\"><span style=\"font-family: DejaVu Serif, serif;\"><span style=\"font-size: medium;\"><i>In der Besprechung geht es um die Erinnerungen von Dr. Wolfgang Beck und der Titel des Buches: \u201e<b>Alles hat ein Ende \u2013 auch die Marktwirtschaft\u201c<\/b><\/i><\/span><\/span><\/p>\n<p align=\"justify\"><span style=\"font-family: DejaVu Serif, serif;\"><span style=\"font-size: medium;\"><span lang=\"de-DE\"><i>Im Ank\u00fcndigungstext zur Buchvorstellung ist zu lesen: &#8222;<\/i><\/span><span lang=\"de-DE\">\u201e\u2026 <\/span><span lang=\"de-DE\">Dr.-Ing. Wolfgang Beck, ehemaliger Direktor des VEM Elektromotorenwerk Wernigerode, war zu seiner Zeit der j\u00fcngste Betriebsdirektor eines solchen Gro\u00dfbetriebes der DDR \u00fcberhaupt. Er erz\u00e4hlt in diesem Buch vom herausfordernden Arbeitsalltag eines Betriebsdirektors, der schwierigen Wendezeit und der ersten Umwandlung eines Volkeigenen Betriebes in eine GmbH. Er erlebte das Ende der Planwirtschaft mit und ist \u00fcberzeugt: Auch die real existierende Marktwirtschaft wird sich bald \u00fcberlebt haben.<\/span><\/span><\/span><\/p>\n<p align=\"justify\"><!--more-->\u201e<span style=\"font-family: DejaVu Serif, serif;\"><span style=\"font-size: medium;\"><i>Ich bin kein Historiker, Literaturwissenschaftler oder Journalist, sondern ein Techniker der Prozesse analytisch und pragmatisch betrachtet und sich mit dieser Sichtweise an das Thema Buch gewagt hat. F\u00fcr mich ist ein rechter Winkel eine definierte Gr\u00f6\u00dfe und bleibt immer ein rechter Winkel. Politiker sehen dies oft anders. Mit dem Buch verfolge ich unter anderem auch das Ziel zum <\/i><i>Nachdenken \u00fcber unser zuk\u00fcnftiges Leben mit ein paar Gedanken, abgeleitet aus der Historie anzuregen.\u201c<\/i><\/span><\/span><\/p>\n<p align=\"justify\"><span style=\"font-family: DejaVu Serif, serif;\"><span style=\"font-size: medium;\">Zunehmend ist zu beobachten, dass die Geschichte, besonders die Wirtschaftsgeschichte, einer zunehmenden historischen Vergesslichkeit unterliegt. Auferstanden aus Ruinen nach dem 2.Weltkrieg, musste in der sowjetischen Besatzungszone, sp\u00e4ter die DDR der Neustart der Wirtschaft organisiert werden. W\u00e4hrend die westlichen 3 Besatzungszonen, sp\u00e4ter die BRD einen Marschallplan und Kapital hatten, kannte die DDR Marx und Kapital. Cocom und andere Restriktionen des kalten Krieges waren f\u00fcr den wirtschaftlichen Aufbau sicher nicht f\u00f6rderlich. Dennoch wurde in der ehemaligen DDR ein beachtliche Wirtschaftskraft mit einer starken Identit\u00e4t zum Geschaffenen entwickelt. <\/span><\/span><\/p>\n<p align=\"justify\"><span style=\"font-family: DejaVu Serif, serif;\"><span style=\"font-size: medium;\">Permanente gesellschaftliche Weiterentwicklung ist das Gebot der Stunde. Ausgehend von dem Prinzip der materiellen Interessiertheit ist eine sinnvolle Harmonie zwischen Werte schaffenden und verbrauchenden Bereichen der Volkswirtschaft zu organisieren. Allumfassende kostenlose Bildung der Jugend sollte eine wesentliche Voraussetzung sein.\u201c&#8220;<\/span><\/span><\/p>\n<p align=\"justify\"><span style=\"font-family: DejaVu Serif, serif;\"><span style=\"font-size: medium;\"><i>Sicher nicht nur f\u00fcr jene, welche die DDR aktiv erlebt haben, eine interessante Veranstaltung. Das Thema Wirtschaft ist aktueller den je, die \u00d6konomie ist nach wie vor die Basis des gesellschaftlichen Seins, aus diesem Grund besonders interessant die Funktionsweisen verschiedener Wirtschaftssysteme. <\/i><\/span><\/span><\/p>\n<p align=\"justify\"><span style=\"font-family: DejaVu Serif, serif;\"><span style=\"font-size: medium;\"><i>Wie es gegenw\u00e4rtig um die Wirtschaft in der BRD bestellt ist, ist an den j\u00fcngsten politischen Beschl\u00fcssen und deren Folgen f\u00fcr Menschen und Natur gut zu sehen. <\/i><\/span><\/span><\/p>\n<p align=\"justify\"><span style=\"font-family: DejaVu Serif, serif;\"><span style=\"font-size: medium;\"><i>Nach Ende der DDR wurde auf ihrem Territorium in einem bis dahin nicht gekanntem Ma\u00dfe deindustrialisiert, eine Deindustrialisierung wie sie heute f\u00fcr die gesamt Bundesrepublik in Aussicht gestellt wird. Also ein durchaus interessantes, weil aktuelles Thema. <\/i><\/span><\/span><\/p>\n<p align=\"justify\"><span style=\"font-family: DejaVu Serif, serif;\"><span style=\"font-size: medium;\"><i>Z<\/i><\/span><\/span><span style=\"font-family: DejaVu Serif, serif;\"><span style=\"font-size: medium;\"><i>um Thema also am <\/i><\/span><\/span><span style=\"font-family: DejaVu Serif, serif;\"><span style=\"font-size: medium;\"><i><b>29.04.2023, ab 10:00 Uhr<\/b><\/i><\/span><\/span><span style=\"font-family: DejaVu Serif, serif;\"><span style=\"font-size: medium;\"><i> im <\/i><\/span><\/span><strong><span style=\"font-family: DejaVu Serif, serif;\"><i>P\u00f6lkenhof, 06484 Quedlinburg, P\u00f6lkenstra\u00dfe 38<\/i><\/span><\/strong><span style=\"font-family: DejaVu Serif, serif;\"><span style=\"font-size: medium;\"><i> eine thematische Besprechung, das Buch wird nach dem ersten Mai und p\u00fcnktlich zur Vorstellung am <\/i><\/span><\/span><span style=\"font-family: DejaVu Serif, serif;\"><span style=\"font-size: medium;\"><i><b>05.05.2023, um 19:00 Uhr<\/b><\/i><\/span><\/span><span style=\"font-family: DejaVu Serif, serif;\"><span style=\"font-size: medium;\"><i> in der Remise, Marktstra\u00dfe 1. in 38855 Wernigerode vorliegen. <\/i><\/span><\/span><\/p>\n","protected":false},"excerpt":{"rendered":"<p>Leider m\u00fcssen wir unser Programm* etwas \u00e4ndern, da Werner R\u00fcgemer aus pers\u00f6nlichen Gr\u00fcnden an unserem Veranstaltungswochenende nicht teilnehmen kann, f\u00e4llt auch das mit ihm geplante Seminar aus. Aber wir w\u00e4ren keine Freidenker, wenn wir nicht nach M\u00f6glichkeiten suchen w\u00fcrden, vor allem wenn diese durchaus naheliegend zu finden sind. Und so wird es am Samstag eine thematische Besprechung zu einem Buch geben, welches erst am 05.05.2023 in Wernigerode \u00f6ffentlich vorgestellt wird. In der Besprechung geht es um die Erinnerungen von Dr. [&#8230;]<\/p>\n","protected":false},"author":5,"featured_media":1051,"comment_status":"open","ping_status":"open","sticky":false,"template":"","format":"standard","meta":{"_jetpack_memberships_contains_paid_content":false,"footnotes":""},"categories":[2,54,57,43,21],"tags":[6,33,45,64,51,18,60],"class_list":["post-1049","post","type-post","status-publish","format-standard","has-post-thumbnail","hentry","category-aktuelles","category-beitraege-zum-zeitgeschehen","category-ddr","category-lesung-und-diskussion","category-termine-veranstaltungen","tag-bildung","tag-diskussion","tag-lesung","tag-oekonomie","tag-quedlinburg","tag-sachsen-anhalt","tag-theorie-praxis"],"jetpack_featured_media_url":"https:\/\/www.sachsen-anhalt.freidenker.org\/cms\/wp-content\/uploads\/2023\/04\/20230427_115350-scaled.jpg","jetpack_sharing_enabled":true,"_links":{"self":[{"href":"https:\/\/www.sachsen-anhalt.freidenker.org\/cms\/index.php?rest_route=\/wp\/v2\/posts\/1049","targetHints":{"allow":["GET"]}}],"collection":[{"href":"https:\/\/www.sachsen-anhalt.freidenker.org\/cms\/index.php?rest_route=\/wp\/v2\/posts"}],"about":[{"href":"https:\/\/www.sachsen-anhalt.freidenker.org\/cms\/index.php?rest_route=\/wp\/v2\/types\/post"}],"author":[{"embeddable":true,"href":"https:\/\/www.sachsen-anhalt.freidenker.org\/cms\/index.php?rest_route=\/wp\/v2\/users\/5"}],"replies":[{"embeddable":true,"href":"https:\/\/www.sachsen-anhalt.freidenker.org\/cms\/index.php?rest_route=%2Fwp%2Fv2%2Fcomments&post=1049"}],"version-history":[{"count":2,"href":"https:\/\/www.sachsen-anhalt.freidenker.org\/cms\/index.php?rest_route=\/wp\/v2\/posts\/1049\/revisions"}],"predecessor-version":[{"id":1053,"href":"https:\/\/www.sachsen-anhalt.freidenker.org\/cms\/index.php?rest_route=\/wp\/v2\/posts\/1049\/revisions\/1053"}],"wp:featuredmedia":[{"embeddable":true,"href":"https:\/\/www.sachsen-anhalt.freidenker.org\/cms\/index.php?rest_route=\/wp\/v2\/media\/1051"}],"wp:attachment":[{"href":"https:\/\/www.sachsen-anhalt.freidenker.org\/cms\/index.php?rest_route=%2Fwp%2Fv2%2Fmedia&parent=1049"}],"wp:term":[{"taxonomy":"category","embeddable":true,"href":"https:\/\/www.sachsen-anhalt.freidenker.org\/cms\/index.php?rest_route=%2Fwp%2Fv2%2Fcategories&post=1049"},{"taxonomy":"post_tag","embeddable":true,"href":"https:\/\/www.sachsen-anhalt.freidenker.org\/cms\/index.php?rest_route=%2Fwp%2Fv2%2Ftags&post=1049"}],"curies":[{"name":"wp","href":"https:\/\/api.w.org\/{rel}","templated":true}]}}