{"id":1284,"date":"2024-03-07T18:27:32","date_gmt":"2024-03-07T17:27:32","guid":{"rendered":"https:\/\/www.sachsen-anhalt.freidenker.org\/cms\/?p=1284"},"modified":"2024-03-08T18:38:20","modified_gmt":"2024-03-08T17:38:20","slug":"diskussion-soziale-bewegungen-zersetzung-spaltung-desorientierung-und-auswege","status":"publish","type":"post","link":"https:\/\/www.sachsen-anhalt.freidenker.org\/cms\/?p=1284","title":{"rendered":"Diskussion: Soziale Bewegungen \u2013 Zersetzung, Spaltung, Desorientierung und Auswege"},"content":{"rendered":"<p><em><a href=\"https:\/\/www.sachsen-anhalt.freidenker.org\/cms\/wp-content\/uploads\/2024\/03\/Screenshot-2024-03-08-at-18-29-18-Diether-Dehm-Vortrag-und-Diskussion-\u201eSoziale-Bewegungen-_-Lieder-und-Texte-\u201eKultur-im-Widerstand-\u2013-Deutscher-Freidenker-Verband-e.V.png\"><img loading=\"lazy\" decoding=\"async\" class=\"alignleft wp-image-1285 size-thumbnail\" src=\"https:\/\/www.sachsen-anhalt.freidenker.org\/cms\/wp-content\/uploads\/2024\/03\/Screenshot-2024-03-08-at-18-29-18-Diether-Dehm-Vortrag-und-Diskussion-\u201eSoziale-Bewegungen-_-Lieder-und-Texte-\u201eKultur-im-Widerstand-\u2013-Deutscher-Freidenker-Verband-e.V-150x150.png\" alt=\"\" width=\"150\" height=\"150\" \/><\/a>Einleitungsreferat: <strong>Dr. Diether Dehm<\/strong><\/em><\/p>\n<p>Demonstrationen gegen das Heizungsgesetz und Proteste der Bauern sollen \u201erechts\u201c sein, Solidarit\u00e4t mit Pal\u00e4stina sei antisemitisch, aber Demonstrationen \u201egegen rechts\u201c werden von der Rechtsregierung und ihren Medien gelobt.<br \/>\nImmer neue Etiketten zur Diskreditierung widerst\u00e4ndiger Menschen werden in Umlauf gebracht: rechtsoffen, Verschw\u00f6rungstheoretiker, Schwurbler, Querfront, Corona-Leugner, Putinfreund, Klimaleugner<br \/>\nWie gehen wir mit Spaltungsstrategien um? Nachdem die Herrschenden sich die \u201elinks-rechts\u201c- Unterscheidung angeeignet haben \u2013 welche sinnvollen Kriterien entwickeln wir f\u00fcr die b\u00fcndnispolitische Zusammenarbeit?<\/p>\n<p><strong>Wann<\/strong>: Sonnabend, 16. M\u00e4rz 2024, 10:00 Uhr<br \/>\n<strong>Wo<\/strong>: Jugendherberge Leiterstra\u00dfe 10, 39104 Magdeburg<\/p>\n<p>\u00dcbernommen: <a href=\"https:\/\/www.freidenker.org\/?p=18474\" target=\"_blank\" rel=\"noopener\">klick<\/a>.<\/p>\n","protected":false},"excerpt":{"rendered":"<p>Einleitungsreferat: Dr. Diether Dehm Demonstrationen gegen das Heizungsgesetz und Proteste der Bauern sollen \u201erechts\u201c sein, Solidarit\u00e4t mit Pal\u00e4stina sei antisemitisch, aber Demonstrationen \u201egegen rechts\u201c werden von der Rechtsregierung und ihren Medien gelobt. Immer neue Etiketten zur Diskreditierung widerst\u00e4ndiger Menschen werden in Umlauf gebracht: rechtsoffen, Verschw\u00f6rungstheoretiker, Schwurbler, Querfront, Corona-Leugner, Putinfreund, Klimaleugner Wie gehen wir mit Spaltungsstrategien um? Nachdem die Herrschenden sich die \u201elinks-rechts\u201c- Unterscheidung angeeignet haben \u2013 welche sinnvollen Kriterien entwickeln wir f\u00fcr die b\u00fcndnispolitische Zusammenarbeit? Wann: Sonnabend, 16. M\u00e4rz 2024, [&#8230;]<\/p>\n","protected":false},"author":5,"featured_media":736,"comment_status":"open","ping_status":"open","sticky":false,"template":"","format":"standard","meta":{"_jetpack_memberships_contains_paid_content":false,"footnotes":""},"categories":[2,21],"tags":[38,33,48,5],"class_list":["post-1284","post","type-post","status-publish","format-standard","has-post-thumbnail","hentry","category-aktuelles","category-termine-veranstaltungen","tag-abgeschrieben","tag-diskussion","tag-freidenker","tag-veranstaltung"],"jetpack_featured_media_url":"https:\/\/www.sachsen-anhalt.freidenker.org\/cms\/wp-content\/uploads\/2022\/04\/Fahne-am-Mast.jpg","jetpack_sharing_enabled":true,"_links":{"self":[{"href":"https:\/\/www.sachsen-anhalt.freidenker.org\/cms\/index.php?rest_route=\/wp\/v2\/posts\/1284","targetHints":{"allow":["GET"]}}],"collection":[{"href":"https:\/\/www.sachsen-anhalt.freidenker.org\/cms\/index.php?rest_route=\/wp\/v2\/posts"}],"about":[{"href":"https:\/\/www.sachsen-anhalt.freidenker.org\/cms\/index.php?rest_route=\/wp\/v2\/types\/post"}],"author":[{"embeddable":true,"href":"https:\/\/www.sachsen-anhalt.freidenker.org\/cms\/index.php?rest_route=\/wp\/v2\/users\/5"}],"replies":[{"embeddable":true,"href":"https:\/\/www.sachsen-anhalt.freidenker.org\/cms\/index.php?rest_route=%2Fwp%2Fv2%2Fcomments&post=1284"}],"version-history":[{"count":1,"href":"https:\/\/www.sachsen-anhalt.freidenker.org\/cms\/index.php?rest_route=\/wp\/v2\/posts\/1284\/revisions"}],"predecessor-version":[{"id":1286,"href":"https:\/\/www.sachsen-anhalt.freidenker.org\/cms\/index.php?rest_route=\/wp\/v2\/posts\/1284\/revisions\/1286"}],"wp:featuredmedia":[{"embeddable":true,"href":"https:\/\/www.sachsen-anhalt.freidenker.org\/cms\/index.php?rest_route=\/wp\/v2\/media\/736"}],"wp:attachment":[{"href":"https:\/\/www.sachsen-anhalt.freidenker.org\/cms\/index.php?rest_route=%2Fwp%2Fv2%2Fmedia&parent=1284"}],"wp:term":[{"taxonomy":"category","embeddable":true,"href":"https:\/\/www.sachsen-anhalt.freidenker.org\/cms\/index.php?rest_route=%2Fwp%2Fv2%2Fcategories&post=1284"},{"taxonomy":"post_tag","embeddable":true,"href":"https:\/\/www.sachsen-anhalt.freidenker.org\/cms\/index.php?rest_route=%2Fwp%2Fv2%2Ftags&post=1284"}],"curies":[{"name":"wp","href":"https:\/\/api.w.org\/{rel}","templated":true}]}}