{"id":1421,"date":"2024-09-22T23:05:12","date_gmt":"2024-09-22T21:05:12","guid":{"rendered":"https:\/\/www.sachsen-anhalt.freidenker.org\/cms\/?p=1421"},"modified":"2024-09-22T23:05:12","modified_gmt":"2024-09-22T21:05:12","slug":"aufruf-zum-2-handwerker-friedenskongress-am-12-10-24-in-dessau-rosslau-unter-dem-motto-wege-zum-frieden-russland-ukraine-und-der-westen","status":"publish","type":"post","link":"https:\/\/www.sachsen-anhalt.freidenker.org\/cms\/?p=1421","title":{"rendered":"Aufruf zum 2. Handwerker-Friedenskongress am 12.10.24 in Dessau-Ro\u00dflau unter dem Motto &#8222;Wege zum Frieden &#8211; Russland, Ukraine und der Westen&#8220;"},"content":{"rendered":"<p align=\"justify\"><span style=\"font-family: Liberation Serif, serif;\"><span style=\"font-size: medium;\"><a href=\"https:\/\/www.sachsen-anhalt.freidenker.org\/cms\/wp-content\/uploads\/2024\/09\/System-Produktivkraefte.png\"><img loading=\"lazy\" decoding=\"async\" class=\"alignleft wp-image-1423 size-thumbnail\" src=\"https:\/\/www.sachsen-anhalt.freidenker.org\/cms\/wp-content\/uploads\/2024\/09\/System-Produktivkraefte-150x150.png\" alt=\"\" width=\"150\" height=\"150\" \/><\/a>Karl Kr\u00f6kel, Kreishandwerksmeister und Gr\u00fcnder der Initiative Handwerker f\u00fcr den Frieden, l\u00e4d am 12. Oktober nun zum 2. Mal zum Handwerker-Friedenskongress ein. Die Initiative Handwerker f\u00fcr den Frieden hatte sich kurz nach dem Beginn des Ukraine-Krieges gegr\u00fcndet. Im Juni 2022 verfasste Karl Kr\u00f6kel gemeinsam mit Handwerkskollegen den ersten Obermeister-Brandbrief gegen die Sanktionspolitik an Bundeskanzler Scholz und wies auf die Notlage des Mittelstands aufgrund von Energiemangel und steigende Kosten hin. Mit der Demonstration von 2000 Menschen am 28.8.22 in Dessau-Ro\u00dflau sowie mit seinem Auftritt in der MDR- Sendung \u201eFakt Ist\u201c am 29.08.22 sorgte er bundesweit f\u00fcr Aufmerksamkeit. Danach hielt er viele Vortr\u00e4ge und Reden auf verschiedenen Friedenskundgebungen in ganz Deutschland.<\/span><\/span><\/p>\n<p align=\"justify\"><span style=\"font-family: Liberation Serif, serif;\"><span style=\"font-size: medium;\">Vor circa 18 Monaten wurde das Format Handwerker-Friedens-Kongress ins Leben gerufen. Mit mit dem Ehrengast Prof. Gabriele Krone-Schmalz und circa 200 Teilnehmern war der erste Handwerker-Friedens-Kongress vor der historischen Kulisse im Technikmuseum \u201eHugo Junkers\u201c am 2. April 23 in Dessau-Ro\u00dflau ein voller Erfolg (Pressemitteilung). Viele interessierte B\u00fcrger reisten aus ganz Deutschland und sogar aus der Schweiz an, um in diesen bewegenden Zeiten \u00fcber friedliche L\u00f6sungen aus dem Ukraine-Krieg zu diskutieren. In verschiedenen Foren wurde konstruktiv \u00fcber friedliche Mittel und Wege der Konfliktl\u00f6sung beraten \u2013 insbesondere was die Konfrontation zwischen NATO und Russland sowie die Gefahr der Selbstvernichtung \u2013 anbelangt. <\/span><\/span><!--more--><\/p>\n<p align=\"justify\"><span style=\"font-family: Liberation Serif, serif;\"><span style=\"font-size: medium;\">Seitdem hat sich die Kriegsgefahr in Europa weiter zugespitzt. Wir erleben, wie Kriegstreiber und Kriegsert\u00fcchtiger uns in einen 3. Weltkrieg treiben. Die \u201eHandwerker f\u00fcr den Frieden\u201c tappen diesen Kriegstreibern auf ihrer Leimrute nicht hinterher. Mit unserem Obermeisterbrief vom 14.06.2022 hatten wir es genauso vorausgesagt, auch, dass es nie um die Ukraine ging, sondern darum, sie gegen Russland in Stellung zu bringen. <\/span><\/span><\/p>\n<p align=\"justify\"><span style=\"font-family: Liberation Serif, serif;\"><span style=\"font-size: medium;\">Die Meinungsmacher in Politik und den Qualit\u00e4tsmedien verlangen immer dreister Gehorsam, was diesen Stellvertreterkrieg anbelangt, jeder Diskurs wurde verweigert und auch auf kommunaler- sowie Landesebene herrscht die Philosophie des betreuten Denkens vor. Wir verweigern diesen Gehorsam und f\u00fchlen uns auch weiterhin verpflichtet, einen wirksamen Beitrag zur Beendigung des Krieges, Einstellung der Waffenlieferungen und Beendigung der Sanktionen zu leisten. \u201eRussland ist schon seit Jahrzehnten unser Feind\u201c, sagte General Hodges vor Ausbruch des Krieges. Was f\u00fcr eine unglaubliche Fehlentwicklung, die unsere Regierung als treuer USA-Vasall \u201emitgestaltet\u201c hat. <\/span><\/span><\/p>\n<p align=\"justify\"><span style=\"font-family: Liberation Serif, serif;\"><span style=\"font-size: medium;\">Zum zweiten Handwerker-Friedenskongress unter dem Motto &#8222;Wege zum Frieden &#8211; Russland, Ukraine und der Westen&#8220; m\u00f6chten wir in der Podiumsdiskussion auch direkt ins Gespr\u00e4ch kommen. Unser Ziel ist es, die veschiedenen Friedensb\u00fcndnisse und Gleichgesinnte miteinander zu vernetzen sowie interessierten B\u00fcrgern neue Friedensperspektiven aufzeigen. Denn im Krieg gibt es nur Verlierer. Mit G\u00fcnter<br \/>\nVerheugen, Petra Erler, Daniela Dahn sowie Reiner Braun und Andrej Hunko haben wir zudem herausragende Pers\u00f6nlichkeiten f\u00fcr den Kongress gewinnen k\u00f6nnen. Wir freuen uns auf eine klare Analyse der Situation und einen interessanten Austausch, wie eine neue \u00c4ra der Entspannungspolitik in Europa gelingen kann.<\/span><\/span><\/p>\n<p align=\"justify\">\n<p align=\"justify\"><strong><span style=\"font-family: Liberation Serif, serif;\"><span style=\"font-size: medium;\">zum Ablauf:<\/span><\/span><\/strong><\/p>\n<p align=\"justify\"><span style=\"font-family: Liberation Serif, serif;\"><span style=\"font-size: medium;\">14:30 Uhr Einlass<\/span><\/span><\/p>\n<p align=\"justify\"><span style=\"font-family: Liberation Serif, serif;\"><span style=\"font-size: medium;\">15:10 Uhr Begr\u00fc\u00dfung Karl Kr\u00f6kel Initiator Handwerker f\u00fcr den Frieden<\/span><\/span><\/p>\n<p align=\"justify\"><span style=\"font-family: Liberation Serif, serif;\"><span style=\"font-size: medium;\">15:25 Uhr Er\u00f6ffnungsrede G\u00fcnter Verheugen\/Petra Erler &#8222;Der lange Weg zum Krieg&#8220;<\/span><\/span><\/p>\n<p align=\"justify\"><span style=\"font-family: Liberation Serif, serif;\"><span style=\"font-size: medium;\">16:30 Uhr Daniela Dahn &#8222;Die Kriegstreiber&#8220;<\/span><\/span><\/p>\n<p align=\"justify\"><span style=\"font-family: Liberation Serif, serif;\"><span style=\"font-size: medium;\">17:00 Uhr Pause (Kaffee, Buchverkauf)<\/span><\/span><\/p>\n<p align=\"justify\"><span style=\"font-family: Liberation Serif, serif;\"><span style=\"font-size: medium;\">17:30 Uhr Offene Podiumsdiskussion mit G\u00fcnter Verheugen, Petra Erler, Reiner Braun, Andrej Hunko, Karl Kr\u00f6kel<br \/>\n19:00 Uhr Schlusswort Karl Kr\u00f6kel <\/span><\/span><\/p>\n<p align=\"justify\">\n<p align=\"justify\"><strong><span style=\"font-family: Liberation Serif, serif;\"><span style=\"font-size: medium;\">Veranstaltungsort: Technikmuseum Hugo Junkers, K\u00fchnauer Str. 161a, Dessau-Ro\u00dflau<\/span><\/span><\/strong><\/p>\n<p align=\"justify\"><span style=\"font-family: Liberation Serif, serif;\"><span style=\"font-size: medium;\"><br \/>\n<\/span><\/span><strong><span style=\"font-family: Liberation Serif, serif;\"><span style=\"font-size: medium;\">Anmeldung:<\/span><\/span><\/strong><span style=\"font-family: Liberation Serif, serif;\"><span style=\"font-size: medium;\"><br \/>\nBitte melden Sie sich bis m\u00f6glichst 30.9. und nennen Sie die Teilnehmerzahl. Der Eintritt ist frei. Die Anmeldung erfolgt per E-Mail an <a href=\"mailto:kontakt@handwerker-fuer-den-frieden.de\" target=\"_blank\" rel=\"noopener\">kontakt@handwerker-fuer-den-frieden.de<\/a><br \/>\nWeitere Informationen zur Initiative Handwerker f\u00fcr den Frieden finden Sie auf unserer Webseite: <a href=\"https:\/\/handwerker-fuer-den-frieden.de\/\" target=\"_blank\" rel=\"noopener\">https:\/\/handwerker-fuer-den-frieden.de\/<\/a><br \/>\nVideos des 1. Handwerker Friedenskongresses vom 2.4.2023 sowie weitere Reden<br \/>\nsind hier verlinkt. ( Link:<a href=\"https:\/\/www.youtube.com\/watch?v=fQn2P1eCcn8&amp;list=PLmj7Bq9pH4DJlgeiZBtzhwph4lGKaHuMX&amp;index=47\" target=\"_blank\" rel=\"noopener\">https:\/\/www.youtube.com\/watch?v=fQn2P1eCcn8&amp;list=PLmj7Bq9pH4DJlgeiZBtzhwph4lGKaHuMX&amp;index=47<\/a> )<\/span><\/span><\/p>\n","protected":false},"excerpt":{"rendered":"<p>Karl Kr\u00f6kel, Kreishandwerksmeister und Gr\u00fcnder der Initiative Handwerker f\u00fcr den Frieden, l\u00e4d am 12. Oktober nun zum 2. Mal zum Handwerker-Friedenskongress ein. Die Initiative Handwerker f\u00fcr den Frieden hatte sich kurz nach dem Beginn des Ukraine-Krieges gegr\u00fcndet. Im Juni 2022 verfasste Karl Kr\u00f6kel gemeinsam mit Handwerkskollegen den ersten Obermeister-Brandbrief gegen die Sanktionspolitik an Bundeskanzler Scholz und wies auf die Notlage des Mittelstands aufgrund von Energiemangel und steigende Kosten hin. Mit der Demonstration von 2000 Menschen am 28.8.22 in Dessau-Ro\u00dflau sowie [&#8230;]<\/p>\n","protected":false},"author":5,"featured_media":1423,"comment_status":"open","ping_status":"open","sticky":false,"template":"","format":"standard","meta":{"_jetpack_memberships_contains_paid_content":false,"footnotes":""},"categories":[2,59,65,21],"tags":[64,71,5],"class_list":["post-1421","post","type-post","status-publish","format-standard","has-post-thumbnail","hentry","category-aktuelles","category-krieg","category-oekonomie","category-termine-veranstaltungen","tag-oekonomie","tag-protest","tag-veranstaltung"],"jetpack_featured_media_url":"https:\/\/www.sachsen-anhalt.freidenker.org\/cms\/wp-content\/uploads\/2024\/09\/System-Produktivkraefte.png","jetpack_sharing_enabled":true,"_links":{"self":[{"href":"https:\/\/www.sachsen-anhalt.freidenker.org\/cms\/index.php?rest_route=\/wp\/v2\/posts\/1421","targetHints":{"allow":["GET"]}}],"collection":[{"href":"https:\/\/www.sachsen-anhalt.freidenker.org\/cms\/index.php?rest_route=\/wp\/v2\/posts"}],"about":[{"href":"https:\/\/www.sachsen-anhalt.freidenker.org\/cms\/index.php?rest_route=\/wp\/v2\/types\/post"}],"author":[{"embeddable":true,"href":"https:\/\/www.sachsen-anhalt.freidenker.org\/cms\/index.php?rest_route=\/wp\/v2\/users\/5"}],"replies":[{"embeddable":true,"href":"https:\/\/www.sachsen-anhalt.freidenker.org\/cms\/index.php?rest_route=%2Fwp%2Fv2%2Fcomments&post=1421"}],"version-history":[{"count":4,"href":"https:\/\/www.sachsen-anhalt.freidenker.org\/cms\/index.php?rest_route=\/wp\/v2\/posts\/1421\/revisions"}],"predecessor-version":[{"id":1427,"href":"https:\/\/www.sachsen-anhalt.freidenker.org\/cms\/index.php?rest_route=\/wp\/v2\/posts\/1421\/revisions\/1427"}],"wp:featuredmedia":[{"embeddable":true,"href":"https:\/\/www.sachsen-anhalt.freidenker.org\/cms\/index.php?rest_route=\/wp\/v2\/media\/1423"}],"wp:attachment":[{"href":"https:\/\/www.sachsen-anhalt.freidenker.org\/cms\/index.php?rest_route=%2Fwp%2Fv2%2Fmedia&parent=1421"}],"wp:term":[{"taxonomy":"category","embeddable":true,"href":"https:\/\/www.sachsen-anhalt.freidenker.org\/cms\/index.php?rest_route=%2Fwp%2Fv2%2Fcategories&post=1421"},{"taxonomy":"post_tag","embeddable":true,"href":"https:\/\/www.sachsen-anhalt.freidenker.org\/cms\/index.php?rest_route=%2Fwp%2Fv2%2Ftags&post=1421"}],"curies":[{"name":"wp","href":"https:\/\/api.w.org\/{rel}","templated":true}]}}