{"id":1428,"date":"2024-09-13T15:16:23","date_gmt":"2024-09-13T13:16:23","guid":{"rendered":"https:\/\/www.sachsen-anhalt.freidenker.org\/cms\/?p=1428"},"modified":"2024-09-23T15:47:35","modified_gmt":"2024-09-23T13:47:35","slug":"das-magdeburger-friedensfestival-ist-geschichte","status":"publish","type":"post","link":"https:\/\/www.sachsen-anhalt.freidenker.org\/cms\/?p=1428","title":{"rendered":"Das Magdeburger Friedensfestival ist Geschichte, &#8230;"},"content":{"rendered":"<p align=\"justify\"><span style=\"font-family: Liberation Serif, serif;\"><span style=\"font-size: medium;\"><i> <a href=\"https:\/\/www.sachsen-anhalt.freidenker.org\/cms\/wp-content\/uploads\/2024\/09\/Gang-scaled.jpg\"><img loading=\"lazy\" decoding=\"async\" class=\"alignleft wp-image-1432 size-thumbnail\" src=\"https:\/\/www.sachsen-anhalt.freidenker.org\/cms\/wp-content\/uploads\/2024\/09\/Gang-150x150.jpg\" alt=\"\" width=\"150\" height=\"150\" \/><\/a>Das Magdeburger Friedensfestival ist Geschichte, vom 30.08. bis 01.09.2024 fand es statt und hat zumindest bei den Teilnehmern seine Spuren hinterlassen. Das Programm war anspruchsvoll, mehr Besucher w\u00e4ren w\u00fcnschenswert gewesen, die einzelnen Veranstaltungen waren trotzdem gut besucht. <\/i><\/span><\/span><\/p>\n<p align=\"justify\"><span style=\"font-family: Liberation Serif, serif;\"><span style=\"font-size: medium;\"><i>Als Freidenker-Verband haben wir uns an dieser Veranstaltung in diesem Jahr das erste mal beteiligt, waren mit einem Stand pr\u00e4sent, haben uns an den Diskussionen beteiligt, viele interessante Gespr\u00e4che gef\u00fchrt und unser diesj\u00e4hriges Sachsen-Anhalt-Treffen im Rahmen des Festivals durchgef\u00fchrt.<\/i><\/span><\/span><\/p>\n<p align=\"justify\"><span style=\"font-family: Liberation Serif, serif;\"><span style=\"font-size: medium;\"><i>N\u00e4heres zur Veranstaltung findet sich folgenden Link (<a href=\"https:\/\/debattenraum.eu\/viewtopic.php?p=2883&amp;sid=247061b0391701cd08c8c39c3d6eb962#p2883\">klick<\/a>) folgend. <\/i><\/span><\/span><!--more--><\/p>\n<p align=\"justify\"><span style=\"font-family: Liberation Serif, serif;\"><span style=\"font-size: medium;\"><i>Dort findet sich auch der Termin f\u00fcr das 6. Magdeburger Friedensfestival, es wird f\u00fcr die Zeit vom 05.09. &#8211; 07.09.2025 geplant. Wir werden uns als Freidenker wieder beteiligen, allerdings wird unser Jahrestreffen im n\u00e4chsten Jahr wieder eine separate Veranstaltung sein. <\/i><\/span><\/span><\/p>\n","protected":false},"excerpt":{"rendered":"<p>Das Magdeburger Friedensfestival ist Geschichte, vom 30.08. bis 01.09.2024 fand es statt und hat zumindest bei den Teilnehmern seine Spuren hinterlassen. Das Programm war anspruchsvoll, mehr Besucher w\u00e4ren w\u00fcnschenswert gewesen, die einzelnen Veranstaltungen waren trotzdem gut besucht. Als Freidenker-Verband haben wir uns an dieser Veranstaltung in diesem Jahr das erste mal beteiligt, waren mit einem Stand pr\u00e4sent, haben uns an den Diskussionen beteiligt, viele interessante Gespr\u00e4che gef\u00fchrt und unser diesj\u00e4hriges Sachsen-Anhalt-Treffen im Rahmen des Festivals durchgef\u00fchrt. N\u00e4heres zur Veranstaltung findet [&#8230;]<\/p>\n","protected":false},"author":5,"featured_media":1433,"comment_status":"open","ping_status":"open","sticky":false,"template":"","format":"standard","meta":{"_jetpack_memberships_contains_paid_content":false,"footnotes":""},"categories":[21],"tags":[48,17,18,5],"class_list":["post-1428","post","type-post","status-publish","format-standard","has-post-thumbnail","hentry","category-termine-veranstaltungen","tag-freidenker","tag-politik","tag-sachsen-anhalt","tag-veranstaltung"],"jetpack_featured_media_url":"https:\/\/www.sachsen-anhalt.freidenker.org\/cms\/wp-content\/uploads\/2024\/09\/Stand-scaled.jpg","jetpack_sharing_enabled":true,"_links":{"self":[{"href":"https:\/\/www.sachsen-anhalt.freidenker.org\/cms\/index.php?rest_route=\/wp\/v2\/posts\/1428","targetHints":{"allow":["GET"]}}],"collection":[{"href":"https:\/\/www.sachsen-anhalt.freidenker.org\/cms\/index.php?rest_route=\/wp\/v2\/posts"}],"about":[{"href":"https:\/\/www.sachsen-anhalt.freidenker.org\/cms\/index.php?rest_route=\/wp\/v2\/types\/post"}],"author":[{"embeddable":true,"href":"https:\/\/www.sachsen-anhalt.freidenker.org\/cms\/index.php?rest_route=\/wp\/v2\/users\/5"}],"replies":[{"embeddable":true,"href":"https:\/\/www.sachsen-anhalt.freidenker.org\/cms\/index.php?rest_route=%2Fwp%2Fv2%2Fcomments&post=1428"}],"version-history":[{"count":4,"href":"https:\/\/www.sachsen-anhalt.freidenker.org\/cms\/index.php?rest_route=\/wp\/v2\/posts\/1428\/revisions"}],"predecessor-version":[{"id":1437,"href":"https:\/\/www.sachsen-anhalt.freidenker.org\/cms\/index.php?rest_route=\/wp\/v2\/posts\/1428\/revisions\/1437"}],"wp:featuredmedia":[{"embeddable":true,"href":"https:\/\/www.sachsen-anhalt.freidenker.org\/cms\/index.php?rest_route=\/wp\/v2\/media\/1433"}],"wp:attachment":[{"href":"https:\/\/www.sachsen-anhalt.freidenker.org\/cms\/index.php?rest_route=%2Fwp%2Fv2%2Fmedia&parent=1428"}],"wp:term":[{"taxonomy":"category","embeddable":true,"href":"https:\/\/www.sachsen-anhalt.freidenker.org\/cms\/index.php?rest_route=%2Fwp%2Fv2%2Fcategories&post=1428"},{"taxonomy":"post_tag","embeddable":true,"href":"https:\/\/www.sachsen-anhalt.freidenker.org\/cms\/index.php?rest_route=%2Fwp%2Fv2%2Ftags&post=1428"}],"curies":[{"name":"wp","href":"https:\/\/api.w.org\/{rel}","templated":true}]}}