{"id":1648,"date":"2025-05-19T21:44:01","date_gmt":"2025-05-19T19:44:01","guid":{"rendered":"https:\/\/www.sachsen-anhalt.freidenker.org\/cms\/?p=1648"},"modified":"2025-05-21T18:39:21","modified_gmt":"2025-05-21T16:39:21","slug":"lesung-was-ist-schon-philosophie","status":"publish","type":"post","link":"https:\/\/www.sachsen-anhalt.freidenker.org\/cms\/?p=1648","title":{"rendered":"Lesung &#8211; Was ist schon Philosophie \u2026?"},"content":{"rendered":"<p style=\"text-align: center;\" align=\"justify\"><a href=\"https:\/\/www.sachsen-anhalt.freidenker.org\/cms\/wp-content\/uploads\/2025\/05\/Lesung-Fensterladen1-scaled.jpg\"><img loading=\"lazy\" decoding=\"async\" class=\"size-thumbnail wp-image-1650 alignleft\" src=\"https:\/\/www.sachsen-anhalt.freidenker.org\/cms\/wp-content\/uploads\/2025\/05\/Lesung-Fensterladen1-150x150.jpg\" alt=\"\" width=\"150\" height=\"150\" \/><\/a><strong>Freitag,<\/strong><strong> 23.05.2025, 19.00Uhr<\/strong> \u2013 Autorenlesung zur F\u00f6rderung literarischen Schaffens in unserer Region<br \/>\n<strong>LESEREIHE \u2013 <\/strong>LOKALE LESUNG \u2013 .<\/p>\n<p align=\"justify\">Thema: \u201e<b>Was ist schon Philosophie<\/b> \u2013 von metaphysischen Kreisl\u00e4ufen und dialektischen Spiralen, nachdenken \u00fcber das Leben.\u201c<a href=\"https:\/\/kraftwerkpoesie.com\/2025\/04\/09\/was-ist-schon-philosophie\/\" target=\"_blank\" rel=\"noopener\">*<\/a><\/p>\n<p align=\"justify\">Eine Zeit im Umbruch, Zeiten des Umbruch, gesellschaftliche Verh\u00e4ltnisse haben sich quantitativ weiterentwickelt und verlangen nach einer neuen Qualit\u00e4t gesellschaftlichen Seins, das Ma\u00df ist voll und so wird es Zeit f\u00fcr qualitative Ver\u00e4nderung. Zumindest dialektisch betrachtet, aber was ist schon <strong>Dialektik<\/strong>, wenn nicht <strong>die Wissenschaft von den allgemeinen Bewegungs- und Entwicklungsgesetzen der Natur, der Gesellschaft und des Denkens<\/strong>?<\/p>\n<p align=\"justify\">Heute ein Buch mit sieben Siegeln?<!--more--><\/p>\n<p align=\"justify\">Nein, einst war es ge\u00f6ffnet, war jenen Menschen zug\u00e4nglich, welche es lesen wollten. Dann \u00e4nderten sich die gesellschaftlichen Verh\u00e4ltnisse und die herrschenden Kr\u00e4fte m\u00fchten sich es zu schlie\u00dfen und erneut zu versiegeln. Doch wer einmal darin gelesen, kann nicht wirklich vergessen was er gelesen, was \u00fcber objektiv wirkende Gesetzm\u00e4\u00dfigkeiten dort geschrieben, wie sich Entwicklung vollzieht, welche Triebkr\u00e4fte wirken.<\/p>\n<p align=\"justify\">Nur leben wir heute in einer Zeit, wo die Dialektik weitestgehend verband und wieder gilt, was Goethe einst seinem Faust im Zusammenhang mit Erkenntnis in den Mund legte:<\/p>\n<p align=\"justify\"><i>\u201eJa was man so erkennen hei\u00dft!<\/i><\/p>\n<p align=\"justify\"><i>Wer darf das Kind beim rechten Namen nennen?<\/i><\/p>\n<p align=\"justify\"><i>Die wenigen, die was davon erkannt,<\/i><\/p>\n<p align=\"justify\"><i>Die t\u00f6richt genug ihr volles Herz nicht wahrten,<\/i><\/p>\n<p align=\"justify\"><i>Dem P\u00f6bel ihr Gef\u00fchl, ihr Schauen offenbarten,<\/i><\/p>\n<p align=\"justify\"><i>Hat man von je gekreuzigt und verbrannt.\u201c<\/i><a href=\"https:\/\/kucaf.blogspot.com\/2020\/11\/zitat-des-tages-26112020.html\" target=\"_blank\" rel=\"noopener\">*<\/a><\/p>\n<p align=\"justify\">Unter Umst\u00e4nden auch ein Grund warum Goethe und sein Faust heute aus dem Unterricht weitestgehend verbannt! Wer m\u00f6chte die Jugend schon mit Dialektik konfrontieren, sie w\u00fcrde so doch noch ganz andere Dinge verstehen, die Welt mit anderen Augen sehen und nicht die vorgegebenen Wege ohne zu hinterfragen gehen.<\/p>\n<p align=\"justify\">So wurde aus Dialektik etwas, was aktuell gern ideologisch unter den politischen Teppich gekehrt. Was nicht schwer, da wir in einer Zeit leben, wo die Wissenschaft eher als Religion daherkommt und politisch verk\u00fcndete Glaubenss\u00e4tze zu belegen hat. F\u00fcr Erkenntnis blind, von Ewigkeit zu Ewigkeit ist des Menschen Leben, der freie Wille propagiert, damit der Mensch Schicksal kapiert und nicht fragt, wieso, weshalb, warum, weswegen, was ist Ursache, was ist Wirkung und wem nutzt es?<\/p>\n<p align=\"justify\">So wird herrschaftlich die Metaphysik hofiert, metaphysisch kann es anders aussehen, da kann schon mal der Wunsch der Vater des Gedanken sein, das freie Denken eingesperrt, mittels Glaskugel orakelt und ein ewiger Kreislauf sich best\u00e4ndig \u00fcberholender, absoluter, austauschbarer Gegens\u00e4tze angeschoben. Aber <i>\u201eeine Denkweise, die die wirklichen Gegens\u00e4tze nicht in ihrer Relativit\u00e4t begreift und auf fixen Kategorien beharrt, wo sie nicht g\u00fcltig sind, beziehungsweise die Unvereinbarkeit von Gegens\u00e4tzen zum Denkprinzip schlechthin macht, fasste Hegel unter dem Begriff Metaphysik zusammen als die Dialektik entgegengesetzte Denkweise.\u201c<a href=\"https:\/\/kucaf.blogspot.com\/2024\/04\/heute-gefunden-und-abgeschrieben.html\" target=\"_blank\" rel=\"noopener\">*<\/a><\/i><\/p>\n<p align=\"justify\">Und so ist es streben, dialektisch nicht nur zu leben, sondern die Welt auch so zu sehen, damit wir sie vielleicht ein bisschen besser verstehen. So kann Auseinandersetzung mit dem aktuellen nicht die Musen verbellen, mal sehen wer zugegen, sch\u00f6n w\u00e4ren Kolliope, Klio und Enterpe zu sehen, die anderen sechs Musen werden dies sicher verstehen.<\/p>\n<p align=\"justify\">\u00dcbernommen: <a href=\"https:\/\/kucaf.blogspot.com\/2025\/05\/die-nachste-lesung-kommt-bestimmt-was.html\" target=\"_blank\" rel=\"noopener\">klick<\/a><\/p>\n<p><a name=\"more\"><\/a><\/p>\n","protected":false},"excerpt":{"rendered":"<p>Freitag, 23.05.2025, 19.00Uhr \u2013 Autorenlesung zur F\u00f6rderung literarischen Schaffens in unserer Region LESEREIHE \u2013 LOKALE LESUNG \u2013 . Thema: \u201eWas ist schon Philosophie \u2013 von metaphysischen Kreisl\u00e4ufen und dialektischen Spiralen, nachdenken \u00fcber das Leben.\u201c* Eine Zeit im Umbruch, Zeiten des Umbruch, gesellschaftliche Verh\u00e4ltnisse haben sich quantitativ weiterentwickelt und verlangen nach einer neuen Qualit\u00e4t gesellschaftlichen Seins, das Ma\u00df ist voll und so wird es Zeit f\u00fcr qualitative Ver\u00e4nderung. Zumindest dialektisch betrachtet, aber was ist schon Dialektik, wenn nicht die Wissenschaft von [&#8230;]<\/p>\n","protected":false},"author":3,"featured_media":1652,"comment_status":"open","ping_status":"open","sticky":false,"template":"","format":"standard","meta":{"_jetpack_memberships_contains_paid_content":false,"footnotes":""},"categories":[2,52,43,21],"tags":[51,60,5],"class_list":["post-1648","post","type-post","status-publish","format-standard","has-post-thumbnail","hentry","category-aktuelles","category-kuenstlerisch-kulturell","category-lesung-und-diskussion","category-termine-veranstaltungen","tag-quedlinburg","tag-theorie-praxis","tag-veranstaltung"],"jetpack_featured_media_url":"https:\/\/www.sachsen-anhalt.freidenker.org\/cms\/wp-content\/uploads\/2025\/05\/Teufel-scaled-e1747684486250.jpg","jetpack_sharing_enabled":true,"_links":{"self":[{"href":"https:\/\/www.sachsen-anhalt.freidenker.org\/cms\/index.php?rest_route=\/wp\/v2\/posts\/1648","targetHints":{"allow":["GET"]}}],"collection":[{"href":"https:\/\/www.sachsen-anhalt.freidenker.org\/cms\/index.php?rest_route=\/wp\/v2\/posts"}],"about":[{"href":"https:\/\/www.sachsen-anhalt.freidenker.org\/cms\/index.php?rest_route=\/wp\/v2\/types\/post"}],"author":[{"embeddable":true,"href":"https:\/\/www.sachsen-anhalt.freidenker.org\/cms\/index.php?rest_route=\/wp\/v2\/users\/3"}],"replies":[{"embeddable":true,"href":"https:\/\/www.sachsen-anhalt.freidenker.org\/cms\/index.php?rest_route=%2Fwp%2Fv2%2Fcomments&post=1648"}],"version-history":[{"count":8,"href":"https:\/\/www.sachsen-anhalt.freidenker.org\/cms\/index.php?rest_route=\/wp\/v2\/posts\/1648\/revisions"}],"predecessor-version":[{"id":1658,"href":"https:\/\/www.sachsen-anhalt.freidenker.org\/cms\/index.php?rest_route=\/wp\/v2\/posts\/1648\/revisions\/1658"}],"wp:featuredmedia":[{"embeddable":true,"href":"https:\/\/www.sachsen-anhalt.freidenker.org\/cms\/index.php?rest_route=\/wp\/v2\/media\/1652"}],"wp:attachment":[{"href":"https:\/\/www.sachsen-anhalt.freidenker.org\/cms\/index.php?rest_route=%2Fwp%2Fv2%2Fmedia&parent=1648"}],"wp:term":[{"taxonomy":"category","embeddable":true,"href":"https:\/\/www.sachsen-anhalt.freidenker.org\/cms\/index.php?rest_route=%2Fwp%2Fv2%2Fcategories&post=1648"},{"taxonomy":"post_tag","embeddable":true,"href":"https:\/\/www.sachsen-anhalt.freidenker.org\/cms\/index.php?rest_route=%2Fwp%2Fv2%2Ftags&post=1648"}],"curies":[{"name":"wp","href":"https:\/\/api.w.org\/{rel}","templated":true}]}}