{"id":1673,"date":"2025-07-09T16:12:58","date_gmt":"2025-07-09T14:12:58","guid":{"rendered":"https:\/\/www.sachsen-anhalt.freidenker.org\/cms\/?p=1673"},"modified":"2025-07-11T10:29:05","modified_gmt":"2025-07-11T08:29:05","slug":"freidenker-nr-2-25-juli-2025","status":"publish","type":"post","link":"https:\/\/www.sachsen-anhalt.freidenker.org\/cms\/?p=1673","title":{"rendered":"Freidenker Nr. 2-25 Juli 2025"},"content":{"rendered":"<p align=\"justify\"><a href=\"https:\/\/www.sachsen-anhalt.freidenker.org\/cms\/wp-content\/uploads\/2025\/07\/Freidenker2-25-1-scaled.jpg\"><img loading=\"lazy\" decoding=\"async\" class=\"alignleft size-thumbnail wp-image-1674\" src=\"https:\/\/www.sachsen-anhalt.freidenker.org\/cms\/wp-content\/uploads\/2025\/07\/Freidenker2-25-1-150x150.jpg\" alt=\"\" width=\"150\" height=\"150\" \/><\/a>Der Freidenker Nr. 2-25 Juli 2025 hat Faschismus zum Thema, ein durchaus interessantes Thema, auch weil Faschismus, h\u00e4ufig in der verkl\u00e4renden Kurzform Nazismus, von den Herrschenden gern als Keule genutzt wird, um politische Gegner zu Klassifizieren. Dieses war besonders gut w\u00e4hrend der Zeit der Pandemie zu beobachten, in welcher das Zepter des <a href=\"https:\/\/kucaf.blogspot.com\/2011\/10\/irrationalismus.html\" target=\"_blank\" rel=\"noopener\">Irrationalismus<\/a> besonders intensiv und offen geschwungen wurde. Seit dem ist Rationalismus aus dem herrschenden politischen Denken so gut wie komplett verschwunden, wie an der aktuell herrschenden Politik in der Bundesrepublik gut zu beobachten.<!--more--><\/p>\n<p align=\"justify\">Der Faschismus, insbesondere die Faschismus Keule wird aber auch eingesetzt um \u201eAlternative\u201c zu protegieren, diese auf und auszubauen. Sie hat als \u201eRettungsanker\u201c f\u00fcr das untergehende System zu fungieren und die Aufgabe zumindest noch einen Schein von Demokratie zu wahren. In diesem Zusammenhang ist es sinnvoll konkret zu hinterfragen und nicht im medialen Canon mit zu klagen, wie oft der Fall. Ursachen erkennen, Wirkungen benennen und wem nutzt es fragen! Vor allem wem nutzt die sehr intensive mediale Aufmerksamkeit einem vermeintlichen Antipoden gegen\u00fcber?<\/p>\n<p align=\"justify\">Das der von der herrschenden Politik betriebene und medial untermauerte Umgang mit dem Begriff des Faschismus, letztlich eine Verharmlosung des Faschismus darstellt, sollte jeden bewusst sein, genauso wie die Tatsache, dass der Faschismus nicht in seiner alten, l\u00e4ngst abgelegten Form, politisch wirksam wieder in Erscheinung tritt, sondern in dieser maximal als Ablenkung von aktuellen faschistischen Erscheinungsformen dient. Auch aus diesem Grund ist es wichtig, das Wesen des Faschismus, seine Ursachen und seine eigentliche Aufgabe zu erkennen und zu benennen. Also sich vordergr\u00fcndig nicht mit den Erscheinungsformen, sondern mit dem Wesen des <a href=\"https:\/\/kucaf.blogspot.com\/2009\/02\/faschismus.html\" target=\"_blank\" rel=\"noopener\">Faschismus<\/a> sich auseinandersetzen. Am Wesen des Faschismus hat sich, im Gegensatz zur Erscheinungsform, nichts ge\u00e4ndert.<\/p>\n<p align=\"justify\"><strong>Informationen zum Heft<\/strong> finden sich auf der zentralen <a href=\"https:\/\/www.freidenker.org\/?p=22283\" target=\"_blank\" rel=\"noopener\">Seite<\/a> des Verbandes und wer den Freidenker einmal Probelesen m\u00f6chte, kann sich \u00fcber diese Seite bei uns melden, wir stellen gern einige Exemplare, auch andere Ausgaben des Verbandsorgans zur Verf\u00fcgung.<\/p>\n<p align=\"justify\">Auf der R\u00fcckseite des aktuellen Freidenker findet sich ein Gedicht von Bertold Brecht, welches als Bild hier wiedergegeben.<\/p>\n<p align=\"justify\"><a href=\"https:\/\/www.sachsen-anhalt.freidenker.org\/cms\/wp-content\/uploads\/2025\/07\/Freidenker2-24-Rueckseite.jpeg\"><img loading=\"lazy\" decoding=\"async\" class=\"size-thumbnail wp-image-1675 aligncenter\" src=\"https:\/\/www.sachsen-anhalt.freidenker.org\/cms\/wp-content\/uploads\/2025\/07\/Freidenker2-24-Rueckseite-150x150.jpeg\" alt=\"\" width=\"150\" height=\"150\" \/><\/a><\/p>\n","protected":false},"excerpt":{"rendered":"<p>Der Freidenker Nr. 2-25 Juli 2025 hat Faschismus zum Thema, ein durchaus interessantes Thema, auch weil Faschismus, h\u00e4ufig in der verkl\u00e4renden Kurzform Nazismus, von den Herrschenden gern als Keule genutzt wird, um politische Gegner zu Klassifizieren. Dieses war besonders gut w\u00e4hrend der Zeit der Pandemie zu beobachten, in welcher das Zepter des Irrationalismus besonders intensiv und offen geschwungen wurde. Seit dem ist Rationalismus aus dem herrschenden politischen Denken so gut wie komplett verschwunden, wie an der aktuell herrschenden Politik in [&#8230;]<\/p>\n","protected":false},"author":5,"featured_media":1672,"comment_status":"open","ping_status":"open","sticky":false,"template":"","format":"standard","meta":{"_jetpack_memberships_contains_paid_content":false,"footnotes":""},"categories":[2],"tags":[39,37,48,17],"class_list":["post-1673","post","type-post","status-publish","format-standard","has-post-thumbnail","hentry","category-aktuelles","tag-aufklaerung","tag-begriffe","tag-freidenker","tag-politik"],"jetpack_featured_media_url":"https:\/\/www.sachsen-anhalt.freidenker.org\/cms\/wp-content\/uploads\/2025\/07\/Freidenker2-25-2-scaled.jpg","jetpack_sharing_enabled":true,"_links":{"self":[{"href":"https:\/\/www.sachsen-anhalt.freidenker.org\/cms\/index.php?rest_route=\/wp\/v2\/posts\/1673","targetHints":{"allow":["GET"]}}],"collection":[{"href":"https:\/\/www.sachsen-anhalt.freidenker.org\/cms\/index.php?rest_route=\/wp\/v2\/posts"}],"about":[{"href":"https:\/\/www.sachsen-anhalt.freidenker.org\/cms\/index.php?rest_route=\/wp\/v2\/types\/post"}],"author":[{"embeddable":true,"href":"https:\/\/www.sachsen-anhalt.freidenker.org\/cms\/index.php?rest_route=\/wp\/v2\/users\/5"}],"replies":[{"embeddable":true,"href":"https:\/\/www.sachsen-anhalt.freidenker.org\/cms\/index.php?rest_route=%2Fwp%2Fv2%2Fcomments&post=1673"}],"version-history":[{"count":6,"href":"https:\/\/www.sachsen-anhalt.freidenker.org\/cms\/index.php?rest_route=\/wp\/v2\/posts\/1673\/revisions"}],"predecessor-version":[{"id":1681,"href":"https:\/\/www.sachsen-anhalt.freidenker.org\/cms\/index.php?rest_route=\/wp\/v2\/posts\/1673\/revisions\/1681"}],"wp:featuredmedia":[{"embeddable":true,"href":"https:\/\/www.sachsen-anhalt.freidenker.org\/cms\/index.php?rest_route=\/wp\/v2\/media\/1672"}],"wp:attachment":[{"href":"https:\/\/www.sachsen-anhalt.freidenker.org\/cms\/index.php?rest_route=%2Fwp%2Fv2%2Fmedia&parent=1673"}],"wp:term":[{"taxonomy":"category","embeddable":true,"href":"https:\/\/www.sachsen-anhalt.freidenker.org\/cms\/index.php?rest_route=%2Fwp%2Fv2%2Fcategories&post=1673"},{"taxonomy":"post_tag","embeddable":true,"href":"https:\/\/www.sachsen-anhalt.freidenker.org\/cms\/index.php?rest_route=%2Fwp%2Fv2%2Ftags&post=1673"}],"curies":[{"name":"wp","href":"https:\/\/api.w.org\/{rel}","templated":true}]}}