{"id":1901,"date":"2026-03-10T11:16:14","date_gmt":"2026-03-10T10:16:14","guid":{"rendered":"https:\/\/www.sachsen-anhalt.freidenker.org\/cms\/?p=1901"},"modified":"2026-03-10T11:56:51","modified_gmt":"2026-03-10T10:56:51","slug":"friedesfaehig-statt-kriegstuechtig-ostermarsch-in-halle-saale","status":"publish","type":"post","link":"https:\/\/www.sachsen-anhalt.freidenker.org\/cms\/?p=1901","title":{"rendered":"Friedesf\u00e4hig statt Kriegst\u00fcchtig! Ostermarsch in Halle (Saale)"},"content":{"rendered":"<p align=\"justify\"><a href=\"https:\/\/www.sachsen-anhalt.freidenker.org\/cms\/wp-content\/uploads\/2026\/03\/Ostermarsch_Flyer_V2rueck-Halle.jpg\"><img loading=\"lazy\" decoding=\"async\" class=\"alignleft size-thumbnail wp-image-1902\" src=\"https:\/\/www.sachsen-anhalt.freidenker.org\/cms\/wp-content\/uploads\/2026\/03\/Ostermarsch_Flyer_V2rueck-Halle-150x150.jpg\" alt=\"\" width=\"150\" height=\"150\" \/><\/a><a href=\"https:\/\/www.sachsen-anhalt.freidenker.org\/cms\/wp-content\/uploads\/2026\/03\/Ostermarsch_Flyer_V2-Halle.jpg\"><img loading=\"lazy\" decoding=\"async\" class=\"alignleft size-thumbnail wp-image-1903\" src=\"https:\/\/www.sachsen-anhalt.freidenker.org\/cms\/wp-content\/uploads\/2026\/03\/Ostermarsch_Flyer_V2-Halle-150x150.jpg\" alt=\"\" width=\"150\" height=\"150\" \/><\/a>&#8230; als Freidenker sind wir gern im Friedensb\u00fcndnis Halle zum Ostermarsch 2026 mit dabei.<\/p>\n<p align=\"justify\">Wer betreut den Stand mit?<\/p>\n<p align=\"justify\">Welche Dinge wollen wir pr\u00e4sentieren?<\/p>\n<p align=\"justify\">Die Hallenser fuhren die anderen Jahre gern Samstag nach Leipzig, organisierten folgend f\u00fcr Sonntag selbst was und unterst\u00fctzten auch noch die OFFENe HEIDe am Montag. Dieses Jahr klappt genau das nicht,weil wir ebenfalls am Ostermontag starten:<\/p>\n<p align=\"justify\"><a href=\"https:\/\/dialog-friede.de\/stuff\/Ostermarsch_Flyer_V2.jpg\" target=\"_blank\" rel=\"noopener\">https:\/\/dialog-friede.de\/stuff\/Ostermarsch_Flyer_V2.jpg<\/a><\/p>\n<p align=\"justify\"><a href=\"https:\/\/dialog-friede.de\/stuff\/Ostermarsch_Flyer_V2rueck.jpg\" target=\"_blank\" rel=\"noopener\">https:\/\/dialog-friede.de\/stuff\/Ostermarsch_Flyer_V2rueck.jpg<\/a><\/p>\n<p align=\"justify\">Ich bin gespannt, wann der Weltfrieden ausbrechen wird?<\/p>\n<p align=\"justify\">Beste Gr\u00fc\u00dfe<\/p>\n<p align=\"justify\"><!--more--><\/p>\n<p align=\"justify\">Anmerkung der Redaktion:<\/p>\n<p align=\"justify\">Osterm\u00e4rsche finden an den verschiedensten Orten statt und es bleibt zu Hoffen, dass immer mehr Menschen die Notwendigkeit von offenen Protesten, als eine Form des Wiederstandes gegen die aktuell herrschende Politik in unserem Land, erkennen. Die Bundesregierungen finden sich seit Jahren auf dem Kriegspfad, Milit\u00e4rausgaben steigen und Kriege werden unterst\u00fctzt und befeuert. Dazu wird der Druck auf die eigene Bev\u00f6lkerung permanent erh\u00f6ht und versucht die Wirtschaft auf Kriegswirtschaft umzustellen. Treu wird den Vorgaben der Hegemonialmacht gefolgt, egal wer dort am Ruder und das zu diesem Zweck alle H\u00fcllen fallen gelassen werden, zeigen die j\u00fcngsten \u00c4u\u00dferungen zum Krieg gegen den Iran, welcher von den USA mit Hilfe Israels betrieben und vom deutschen Bundeskanzler gerechtfertigt.<\/p>\n<p align=\"justify\">Dieser Krieg verl\u00e4uft, wie f\u00fcr Kriege nicht ungew\u00f6hnlich, anders als vorgesehen und den Aggressoren steht das Wasser bis an den Hals, so das Bestrebungen zu erkennen sind, sich aus diesen Krieg zur\u00fcckzuziehen, am besten ohne das Gesicht zu verlieren.<\/p>\n<p align=\"justify\">Das Proteste etwas bewirken k\u00f6nnen, auch wenn sie gern medial verschwiegen, oder relativiert, ist aktuelle im Harz zu beobachten, wo es ein Bundeswehr \u201eKarrierecamp auf dem Brockengipfel\u201c geben sollte, welches nun \u201e\u00fcberraschend abgesagt\u201c wurde. Die Proteste in der Region waren vielf\u00e4ltig und es gab mehr als nur eine Initiative. Die Begr\u00fcndungen waren unterschiedliche, sie reichten vom Naturschutz bis zur Ablehnung von Zwangsdiensten, insbesondere Kriegsdienst.<\/p>\n<p align=\"justify\">\n","protected":false},"excerpt":{"rendered":"<p>&#8230; als Freidenker sind wir gern im Friedensb\u00fcndnis Halle zum Ostermarsch 2026 mit dabei. Wer betreut den Stand mit? Welche Dinge wollen wir pr\u00e4sentieren? Die Hallenser fuhren die anderen Jahre gern Samstag nach Leipzig, organisierten folgend f\u00fcr Sonntag selbst was und unterst\u00fctzten auch noch die OFFENe HEIDe am Montag. Dieses Jahr klappt genau das nicht,weil wir ebenfalls am Ostermontag starten: https:\/\/dialog-friede.de\/stuff\/Ostermarsch_Flyer_V2.jpg https:\/\/dialog-friede.de\/stuff\/Ostermarsch_Flyer_V2rueck.jpg Ich bin gespannt, wann der Weltfrieden ausbrechen wird? Beste Gr\u00fc\u00dfe<\/p>\n","protected":false},"author":5,"featured_media":1903,"comment_status":"open","ping_status":"open","sticky":false,"template":"","format":"standard","meta":{"_jetpack_memberships_contains_paid_content":false,"footnotes":""},"categories":[2,59,21],"tags":[48,82,17,5],"class_list":["post-1901","post","type-post","status-publish","format-standard","has-post-thumbnail","hentry","category-aktuelles","category-krieg","category-termine-veranstaltungen","tag-freidenker","tag-halle-saale","tag-politik","tag-veranstaltung"],"jetpack_featured_media_url":"https:\/\/www.sachsen-anhalt.freidenker.org\/cms\/wp-content\/uploads\/2026\/03\/Ostermarsch_Flyer_V2-Halle.jpg","jetpack_sharing_enabled":true,"_links":{"self":[{"href":"https:\/\/www.sachsen-anhalt.freidenker.org\/cms\/index.php?rest_route=\/wp\/v2\/posts\/1901","targetHints":{"allow":["GET"]}}],"collection":[{"href":"https:\/\/www.sachsen-anhalt.freidenker.org\/cms\/index.php?rest_route=\/wp\/v2\/posts"}],"about":[{"href":"https:\/\/www.sachsen-anhalt.freidenker.org\/cms\/index.php?rest_route=\/wp\/v2\/types\/post"}],"author":[{"embeddable":true,"href":"https:\/\/www.sachsen-anhalt.freidenker.org\/cms\/index.php?rest_route=\/wp\/v2\/users\/5"}],"replies":[{"embeddable":true,"href":"https:\/\/www.sachsen-anhalt.freidenker.org\/cms\/index.php?rest_route=%2Fwp%2Fv2%2Fcomments&post=1901"}],"version-history":[{"count":5,"href":"https:\/\/www.sachsen-anhalt.freidenker.org\/cms\/index.php?rest_route=\/wp\/v2\/posts\/1901\/revisions"}],"predecessor-version":[{"id":1908,"href":"https:\/\/www.sachsen-anhalt.freidenker.org\/cms\/index.php?rest_route=\/wp\/v2\/posts\/1901\/revisions\/1908"}],"wp:featuredmedia":[{"embeddable":true,"href":"https:\/\/www.sachsen-anhalt.freidenker.org\/cms\/index.php?rest_route=\/wp\/v2\/media\/1903"}],"wp:attachment":[{"href":"https:\/\/www.sachsen-anhalt.freidenker.org\/cms\/index.php?rest_route=%2Fwp%2Fv2%2Fmedia&parent=1901"}],"wp:term":[{"taxonomy":"category","embeddable":true,"href":"https:\/\/www.sachsen-anhalt.freidenker.org\/cms\/index.php?rest_route=%2Fwp%2Fv2%2Fcategories&post=1901"},{"taxonomy":"post_tag","embeddable":true,"href":"https:\/\/www.sachsen-anhalt.freidenker.org\/cms\/index.php?rest_route=%2Fwp%2Fv2%2Ftags&post=1901"}],"curies":[{"name":"wp","href":"https:\/\/api.w.org\/{rel}","templated":true}]}}