{"id":364,"date":"2017-11-21T17:51:06","date_gmt":"2017-11-21T16:51:06","guid":{"rendered":"http:\/\/www.sachsen-anhalt.freidenker.org\/cms\/?p=364"},"modified":"2018-01-12T23:33:31","modified_gmt":"2018-01-12T22:33:31","slug":"500-jahre-reformation","status":"publish","type":"post","link":"https:\/\/www.sachsen-anhalt.freidenker.org\/cms\/?p=364","title":{"rendered":"500 Jahre Reformation"},"content":{"rendered":"<p align=\"JUSTIFY\"><span style=\"color: #1d2129;\"><span style=\"font-family: 'Times New Roman', serif;\"><span style=\"font-size: medium;\"><img decoding=\"async\" class=\"alignleft\" src=\"https:\/\/4.bp.blogspot.com\/-tcNBX_6Wrxk\/WhRchk4dLYI\/AAAAAAAACAM\/v3a8RFMhrw4ARtXixFnhDOjhBFhee0l6ACLcBGAs\/s200\/Eisenach.jpg\" \/>Reformationsjubil\u00e4um, 1517 schlug Luther seine Thesen (oder auch nicht) an das Tor der Wittenberger Schlosskirche und 500 Jahre sp\u00e4ter wird das Reformationsjubil\u00e4um mit nicht unerheblichen Pomp begangen. Ein Jahrmarkt der Eitelkeiten, G\u00e4ste reichten sich die Klinke in die Hand, es wird jubiliert und verkl\u00e4rt, gelegentlich auch erkl\u00e4rt, es wird gefeiert und gepriesen, der Kritik gehuldigt und viel wurde geschrieben, ver\u00f6ffentlicht und sicher auch gelesen.\u00a0<\/span><\/span><\/span><span style=\"color: #1d2129;\"><span style=\"font-family: 'Times New Roman', serif;\"><span style=\"font-size: medium;\">Sich mit diesem Jubil\u00e4um kritisch auseinanderzusetzen ist ein Gebot der Zeit, genauso wie festzustellen, welche Bedeutung die Reformation f\u00fcr dieses Land, f\u00fcr Europa und letztlich f\u00fcr die Welt hatte. <\/span><\/span><\/span><\/p>\n<p align=\"JUSTIFY\"><span style=\"color: #1d2129;\"><span style=\"font-family: 'Times New Roman', serif;\"><span style=\"font-size: medium;\">Um das gro\u00dfe Jubelfest zu begehen, wurde von offizieller Seite viel investiert, eine ganze Dekade wurde zu diesem Zweck ins Leben gerufen und trotzdem sorgte so manches Ergebnis f\u00fcr Ern\u00fcchterung. Die Kirchen hatten sich mehr davon versprochen, gar mit einem Anwachsen ihrer Herde gerechnet, Besucher str\u00f6mten reichlich an die Orte der Reformation und an die Orte in welchen Luther lebte, allein es wurde im Vorfeld mit mehr gerechnet.<\/span><\/span><\/span><\/p>\n<p align=\"JUSTIFY\"><span style=\"color: #1d2129;\"><span style=\"font-family: 'Times New Roman', serif;\"><span style=\"font-size: medium;\">Das gro\u00dfe Jubelfest zum Reformationstag war schon Geschichte, als sich in Eisenach Menschen zusammenfanden um sich mit der Reformation und der Rolle Luther aus einem weltanschaulich anderen Blickwinkel, als allgemein \u00fcblich, auseinanderzusetzen. Der Landesverband Th\u00fcringen des Deutschen Freidenkerverband hatte eingeladen und wurde unterst\u00fctzt von der LAG Laizismus der Partei DIE LINKE, dem HVD Th\u00fcringen, der Giordano-Bruno-Stiftung und dem Landesverband Sachsen-Anhalt des Deutschen Freidenkerverband. Am 11.11.2017 um 11:00 Uhr war es soweit und die Veranstaltung im \u201eAugustiner Br\u00e4u\u201c wurde er\u00f6ffnet und bevor der erste Vortrag gehalten wurde, spielte die Sandra Peschke Band einige St\u00fccke zur Einstimmung.\u00a0<\/span><\/span><\/span><!--more--><\/p>\n<p align=\"JUSTIFY\"><span style=\"color: #1d2129;\"><span style=\"font-family: 'Times New Roman', serif;\"><span style=\"font-size: medium;\">Der erste Referent war Dr. Horst Groschopp und sein Vortrag \u00fcberschrieben: \u201eMit Luther alles in Butter\u201c &#8211; Anmerkungen zur deutschen Luther-Rezeption aus humanistischer Perspektive. <\/span><\/span><\/span><\/p>\n<p align=\"JUSTIFY\"><span style=\"color: #1d2129;\"><span style=\"font-family: 'Times New Roman', serif;\"><span style=\"font-size: medium;\">Es wurde ein \u00dcberblick \u00fcber die vielf\u00e4ltige Auseinandersetzung mit dem Thema gegeben und neuere Erkenntnisse aufgezeigt. Die Person Luthers spielte eine nicht unbedeutende Rolle zu dieser Zeit, allerdings ist nicht alles so gewesen, wie es heute oft dargestellt, manches wurde im Nachhinein, insbesondere ab dem 18 Jahrhundert, dem Zwecke damaliger Erinnerungskultur entsprechend gestaltet. Luther wurde in der Geschichte gebraucht, aber auch in den verschiedensten historischen Epochen missbraucht. <\/span><\/span><\/span><\/p>\n<p align=\"JUSTIFY\"><span style=\"color: #1d2129;\"><span style=\"font-family: 'Times New Roman', serif;\"><span style=\"font-size: medium;\">Der zweite Referent sprach \u00fcber die \u201eFr\u00fchb\u00fcrgerliche Entwicklung in Deutschland\u201c, insbesondere aber auch \u00fcber die Vorgeschichte, welche letztlich zur Reformationsbewegung zum Beginn des 16 Jahrhundert f\u00fchrte. Dabei spielte das sich im Verlauf der Jahrhunderte ver\u00e4ndernde Verh\u00e4ltnis zwischen Papstkirche und Feudalstaat keine unbedeutende Rolle, war es doch gerade dieses Verh\u00e4ltnis, welches die Reformationsbewegung hierzulande begr\u00fcndete. Letztlich wurde der Bogen vom Hochmittelalter bis in die Gegenwart gespannt. Den Ausf\u00fchrungen war folgendes Zitat von Friedrich Engels vorangestellt: <span style=\"color: #000000;\"><i>\u201eDie Bourgeoisie macht alles zu einer Ware, also <\/i><\/span><span style=\"color: #000000;\"><i>auch die Geschichtsschreibung. Es geh\u00f6rt zu ihrem Wesen, zu ihren Existenzbedingungen, alle Waren zu verf\u00e4lschen: sie verf\u00e4lscht die Geschichtsschreibung. Und diejenige Geschichtsschreibung wird am besten bezahlt, die im Sinn der Bourgeoisie am besten verf\u00e4lscht ist.\u201c<\/i><\/span><span style=\"color: #000000;\">*<\/span><\/span><\/span><\/span><\/p>\n<p align=\"JUSTIFY\"><span style=\"color: #1d2129;\"><span style=\"font-family: 'Times New Roman', serif;\"><span style=\"font-size: medium;\"><span style=\"color: #000000;\">Nach beiden Vortr\u00e4gen wurde diskutiert und nach Abschluss der Veranstaltung gab es die M\u00f6glichkeit an einer Stadtf\u00fchrung durch Eisenach teilzunehmen. W\u00e4hrend der Veranstaltung gab es einen Tisch mit einer Auswahl von Publikationen der beteiligten Organisationen. <\/span><\/span><\/span><\/span><\/p>\n<p align=\"LEFT\"><span style=\"color: #000000;\"><span style=\"font-family: 'Times New Roman', serif;\"><span style=\"font-size: small;\">*F. Engels, Material for the History of Ireland, Aus den Fragmenten zur \u201eGeschichte Irlands\u201c, 1870 \u2013 MEW Bd. 16, S. 499 \u2013 500.<\/span><\/span><\/span><\/p>\n","protected":false},"excerpt":{"rendered":"<p>Reformationsjubil\u00e4um, 1517 schlug Luther seine Thesen (oder auch nicht) an das Tor der Wittenberger Schlosskirche und 500 Jahre sp\u00e4ter wird das Reformationsjubil\u00e4um mit nicht unerheblichen Pomp begangen. Ein Jahrmarkt der Eitelkeiten, G\u00e4ste reichten sich die Klinke in die Hand, es wird jubiliert und verkl\u00e4rt, gelegentlich auch erkl\u00e4rt, es wird gefeiert und gepriesen, der Kritik gehuldigt und viel wurde geschrieben, ver\u00f6ffentlicht und sicher auch gelesen.\u00a0Sich mit diesem Jubil\u00e4um kritisch auseinanderzusetzen ist ein Gebot der Zeit, genauso wie festzustellen, welche Bedeutung die [&#8230;]<\/p>\n","protected":false},"author":3,"featured_media":373,"comment_status":"open","ping_status":"open","sticky":false,"template":"","format":"standard","meta":{"_jetpack_memberships_contains_paid_content":false,"footnotes":""},"categories":[2,22,26,21],"tags":[6,33,12,11,40],"class_list":["post-364","post","type-post","status-publish","format-standard","has-post-thumbnail","hentry","category-aktuelles","category-aufklaerung","category-reformationsjubilaeum-2017","category-termine-veranstaltungen","tag-bildung","tag-diskussion","tag-geschichte","tag-religion","tag-zitat"],"jetpack_featured_media_url":"https:\/\/www.sachsen-anhalt.freidenker.org\/cms\/wp-content\/uploads\/2017\/11\/Eisenach.jpg","jetpack_sharing_enabled":true,"_links":{"self":[{"href":"https:\/\/www.sachsen-anhalt.freidenker.org\/cms\/index.php?rest_route=\/wp\/v2\/posts\/364","targetHints":{"allow":["GET"]}}],"collection":[{"href":"https:\/\/www.sachsen-anhalt.freidenker.org\/cms\/index.php?rest_route=\/wp\/v2\/posts"}],"about":[{"href":"https:\/\/www.sachsen-anhalt.freidenker.org\/cms\/index.php?rest_route=\/wp\/v2\/types\/post"}],"author":[{"embeddable":true,"href":"https:\/\/www.sachsen-anhalt.freidenker.org\/cms\/index.php?rest_route=\/wp\/v2\/users\/3"}],"replies":[{"embeddable":true,"href":"https:\/\/www.sachsen-anhalt.freidenker.org\/cms\/index.php?rest_route=%2Fwp%2Fv2%2Fcomments&post=364"}],"version-history":[{"count":7,"href":"https:\/\/www.sachsen-anhalt.freidenker.org\/cms\/index.php?rest_route=\/wp\/v2\/posts\/364\/revisions"}],"predecessor-version":[{"id":397,"href":"https:\/\/www.sachsen-anhalt.freidenker.org\/cms\/index.php?rest_route=\/wp\/v2\/posts\/364\/revisions\/397"}],"wp:featuredmedia":[{"embeddable":true,"href":"https:\/\/www.sachsen-anhalt.freidenker.org\/cms\/index.php?rest_route=\/wp\/v2\/media\/373"}],"wp:attachment":[{"href":"https:\/\/www.sachsen-anhalt.freidenker.org\/cms\/index.php?rest_route=%2Fwp%2Fv2%2Fmedia&parent=364"}],"wp:term":[{"taxonomy":"category","embeddable":true,"href":"https:\/\/www.sachsen-anhalt.freidenker.org\/cms\/index.php?rest_route=%2Fwp%2Fv2%2Fcategories&post=364"},{"taxonomy":"post_tag","embeddable":true,"href":"https:\/\/www.sachsen-anhalt.freidenker.org\/cms\/index.php?rest_route=%2Fwp%2Fv2%2Ftags&post=364"}],"curies":[{"name":"wp","href":"https:\/\/api.w.org\/{rel}","templated":true}]}}