{"id":376,"date":"2017-11-23T16:43:08","date_gmt":"2017-11-23T15:43:08","guid":{"rendered":"http:\/\/www.sachsen-anhalt.freidenker.org\/cms\/?p=376"},"modified":"2019-05-07T09:11:32","modified_gmt":"2019-05-07T07:11:32","slug":"freidenker-brief-nr-4-2017-vom-16-november-2017","status":"publish","type":"post","link":"https:\/\/www.sachsen-anhalt.freidenker.org\/cms\/?p=376","title":{"rendered":"Freidenker-Brief Nr. 4 \u2013 2017 vom 16. November 2017"},"content":{"rendered":"<p align=\"LEFT\"><span style=\"color: #333333;\"><span style=\"font-family: 'Century Gothic', Verdana, Arial, 'BitStream vera Sans', Helvetica, sans-serif;\"><span style=\"font-size: small;\"><a href=\"https:\/\/abruesten.jetzt\" target=\"_blank\" rel=\"noopener noreferrer\"><img loading=\"lazy\" decoding=\"async\" class=\"alignnone size-medium wp-image-377 aligncenter\" src=\"http:\/\/www.sachsen-anhalt.freidenker.org\/cms\/wp-content\/uploads\/2017\/11\/abr\u00fcsten-300x150.png\" alt=\"\" width=\"300\" height=\"150\" srcset=\"https:\/\/www.sachsen-anhalt.freidenker.org\/cms\/wp-content\/uploads\/2017\/11\/abr\u00fcsten-300x150.png 300w, https:\/\/www.sachsen-anhalt.freidenker.org\/cms\/wp-content\/uploads\/2017\/11\/abr\u00fcsten.png 567w\" sizes=\"auto, (max-width: 300px) 100vw, 300px\" \/><\/a><\/span><\/span><\/span><\/p>\n<p style=\"text-align: left;\" align=\"LEFT\"><span style=\"color: #333333;\"><span style=\"font-family: 'Century Gothic', Verdana, Arial, 'BitStream vera Sans', Helvetica, sans-serif;\"><span style=\"font-size: small;\">Seit dem 6. November 2017 existiert ein Aufruf der Friedensbewegung mit der Forderung\u00a0<\/span><\/span><\/span><a href=\"http:\/\/www.friedensratschlag.de\/?Startseite:Aufruf_vom_6.11.2017%3A_Abr\u00fcsten_statt_aufr\u00fcsten%21\" target=\"_blank\" rel=\"noopener noreferrer\"><span style=\"color: #000000;\"><span style=\"font-family: 'Century Gothic', Verdana, Arial, 'BitStream vera Sans', Helvetica, sans-serif;\"><span style=\"font-size: small;\">\u201eAbr\u00fcsten statt aufr\u00fcsten!\u201c<\/span><\/span><\/span><\/a><\/p>\n<p align=\"JUSTIFY\"><span style=\"color: #333333;\"><span style=\"font-family: 'Century Gothic', Verdana, Arial, 'BitStream vera Sans', Helvetica, sans-serif;\"><span style=\"font-size: small;\">Klaus Hartmann, Bundesvorsitzender des Deutschen Freidenker-Verbands, unterst\u00fctzt den Appell als Protest gegen Militarisierung und Aufr\u00fcstung.<\/span><\/span><\/span><\/p>\n<p align=\"JUSTIFY\"><span style=\"color: #333333;\"><span style=\"font-family: 'Century Gothic', Verdana, Arial, 'BitStream vera Sans', Helvetica, sans-serif;\"><span style=\"font-size: small;\">Zum Hintergrund:<\/span><\/span><\/span><\/p>\n<ol>\n<li>\n<p align=\"JUSTIFY\"><span style=\"color: #333333;\"><span style=\"font-family: 'Century Gothic', Verdana, Arial, 'BitStream vera Sans', Helvetica, sans-serif;\"><span style=\"font-size: small;\">Zur Verdeutlichung der Position des Deutschen Freidenker-Verbands hei\u00dft es in der Unterst\u00fctzungserkl\u00e4rung vom 12. November 2017 im Einzelnen:<\/span><\/span><\/span><\/p>\n<\/li>\n<\/ol>\n<p align=\"JUSTIFY\"><span style=\"color: #333333;\">\u201e<span style=\"font-family: 'Century Gothic', Verdana, Arial, 'BitStream vera Sans', Helvetica, sans-serif;\"><span style=\"font-size: small;\">Auf 2% ihrer Wirtschaftsleistung sollen die Ausgaben f\u00fcr Krieg und Vernichtung in den NATO-Staaten bis 2024 steigen. F\u00fcr Deutschland bedeutet diese Steigerung auf \u00fcber 70 Milliarden Euro fast eine Verdoppelung des Wehretats.<\/span><\/span><\/span><\/p>\n<p align=\"JUSTIFY\"><span style=\"color: #333333;\"><span style=\"font-family: 'Century Gothic', Verdana, Arial, 'BitStream vera Sans', Helvetica, sans-serif;\"><span style=\"font-size: small;\">Diese von US-Pr\u00e4sident Trump wiederholt angemahnte Verpflichtung stammt noch aus der Zeit seines Vorg\u00e4ngers und \u201eFriedensnobelpreistr\u00e4gers\u201c Obama, der diesen Wahnsinn beim NATO-Gipfel 2014 den \u201ePartnern\u201c ins Pflichtenheft diktiert hat.<\/span><\/span><\/span><\/p>\n<p align=\"JUSTIFY\"><span style=\"color: #333333;\"><span style=\"font-family: 'Century Gothic', Verdana, Arial, 'BitStream vera Sans', Helvetica, sans-serif;\"><span style=\"font-size: small;\">Dagegen mobil zu machen, ist ein Gebot der Stunde: trotz t\u00e4glichem Klamauk \u00fcber die Regierungsbildung wird durch die k\u00fcnftigen Koalition\u00e4re die Hochr\u00fcstung nie thematisiert, geschweige denn in Frage gestellt. Das ist angesichts von Kinder- und Altersarmut, Lehrermangel und Pflegenotstand ein gesellschaftlicher Skandal ersten Ranges.<\/span><\/span><\/span><\/p>\n<p align=\"JUSTIFY\"><span style=\"color: #333333;\"><span style=\"font-family: 'Century Gothic', Verdana, Arial, 'BitStream vera Sans', Helvetica, sans-serif;\"><span style=\"font-size: small;\">Die NATO-Verpflichtung zur Verdoppelung der Kriegsausgaben macht \u2013 \u00fcber den vorgelegten Aufruf hinaus \u2013 die Forderung nach dem Austritt Deutschlands aus diesem Kriegsb\u00fcndnis hochaktuell. Die n\u00e4chste Bundesregierung muss auch mit der Forderung konfrontiert werden, endlich die US-Atomwaffen aus B\u00fcchel abzuziehen und die Kriegsdrehscheibe Air Base Ramstein zu schlie\u00dfen. Dies ist seitens der Bundesregierung durch K\u00fcndigung des Stationierungsabkommens f\u00fcr ausl\u00e4ndische Truppen mit einer K\u00fcndigungsfrist von zwei Jahren realisierbar.<\/span><\/span><\/span><\/p>\n<p align=\"JUSTIFY\"><span style=\"color: #333333;\"><span style=\"font-family: 'Century Gothic', Verdana, Arial, 'BitStream vera Sans', Helvetica, sans-serif;\"><span style=\"font-size: small;\">Um die daf\u00fcr erforderliche gesellschaftliche Bewegung in Gang zu setzen, sind einerseits spektakul\u00e4re Aktionen notwendig, die den Zusammenhang zwischen R\u00fcstungsgeldern und fehlenden Mitteln f\u00fcr Soziales, Bildung, Gesundheit und Umwelt deutlich machen.<\/span><\/span><\/span><!--more--><\/p>\n<p align=\"JUSTIFY\"><span style=\"color: #333333;\"><span style=\"font-family: 'Century Gothic', Verdana, Arial, 'BitStream vera Sans', Helvetica, sans-serif;\"><span style=\"font-size: small;\">Die notwendige Mobilisierung erfordert, dass die Friedensbewegung auch den Mehrheitswillen der Bev\u00f6lkerung artikuliert, n\u00e4mlich: \u201eKein Krieg mit Russland! Macht uns Russland nicht zum Feind!\u201c Statt Konfrontation und fortgesetztem NATO-Aufmarsch: Frieden und Kooperation mit Russland!&#8220;<\/span><\/span><\/span><\/p>\n<ol start=\"2\">\n<li>\n<p align=\"JUSTIFY\"><span style=\"color: #333333;\"><span style=\"font-family: 'Century Gothic', Verdana, Arial, 'BitStream vera Sans', Helvetica, sans-serif;\"><span style=\"font-size: small;\">Die vorstehende Erkl\u00e4rung wurde der Zeitung \u201ejunge Welt\u201c zugesandt und die Richtigstellung einer Falschmeldung in einem\u00a0<\/span><\/span><\/span><a href=\"https:\/\/www.jungewelt.de\/artikel\/321424.vernetzen-gegen-krieg.html\" target=\"_blank\" rel=\"noopener noreferrer\"><span style=\"color: #000000;\"><span style=\"font-family: 'Century Gothic', Verdana, Arial, 'BitStream vera Sans', Helvetica, sans-serif;\"><span style=\"font-size: small;\">Artikel vom 9. November 2017<\/span><\/span><\/span><\/a><span style=\"color: #333333;\"><span style=\"font-family: 'Century Gothic', Verdana, Arial, 'BitStream vera Sans', Helvetica, sans-serif;\"><span style=\"font-size: small;\">\u00a0verlangt, in dem die Worte einer kritischen Zuschrift in einer Mail, obwohl als Zitat gekennzeichnet, umstandslos Klaus Hartmann in den Mund gelegt wurden. Dort war zu lesen: \u201eDer Vorsitzende des deutschen Freidenker-Verbandes, Klaus Hartmann, kritisierte den Aufruf unterdessen als \u00bbviel zu zur\u00fcckhaltend\u00ab. Das Papier benenne die aktuelle Brisanz nicht klar. Es erinnere mehr an einen \u00bbAppell an den Wolf, nicht weiter die L\u00e4mmer zu rei\u00dfen\u00ab, so Hartmann. Offenbar sei dies ein Ausdruck von Rat- und Hilflosigkeit.\u201c<\/span><\/span><\/span><\/p>\n<\/li>\n<\/ol>\n<ol start=\"3\">\n<li>\n<p align=\"JUSTIFY\"><span style=\"color: #333333;\"><span style=\"font-family: 'Century Gothic', Verdana, Arial, 'BitStream vera Sans', Helvetica, sans-serif;\"><span style=\"font-size: small;\">Der Freidenker-Arbeitskreis \u201eFrieden\/International\u201c hat in der Tat \u00fcber weitergehende Vorschl\u00e4ge sowie \u00fcber das weitere Vorgehen beraten. Einige aus vielen Zuschriften ausgew\u00e4hlte Vorschl\u00e4ge wurde den Appell-Verantwortlichen von Klaus Hartmann per E-Mail am 12. November 2017 \u00fcbermittelt:<\/span><\/span><\/span><\/p>\n<\/li>\n<\/ol>\n<ul>\n<li>\n<p align=\"JUSTIFY\"><span style=\"color: #333333;\"><span style=\"font-family: 'Century Gothic', Verdana, Arial, 'BitStream vera Sans', Helvetica, sans-serif;\"><span style=\"font-size: small;\">den Aufruf\u00a0<\/span><\/span><\/span><strong><span style=\"color: #333333;\"><span style=\"font-family: 'Century Gothic', Verdana, Arial, 'BitStream vera Sans', Helvetica, sans-serif;\"><span style=\"font-size: small;\">jetzt schon<\/span><\/span><\/span><\/strong><span style=\"color: #333333;\"><span style=\"font-family: 'Century Gothic', Verdana, Arial, 'BitStream vera Sans', Helvetica, sans-serif;\"><span style=\"font-size: small;\">\u00a0mit den vielen Unterschriften innerhalb k\u00fcrzester Zeit (auf diese Dynamik hinweisend) an die \u201eJamaika\u201c-Unterh\u00e4ndler schicken- zus\u00e4tzlich an alle MdBs;<\/span><\/span><\/span><\/p>\n<\/li>\n<li>\n<p align=\"JUSTIFY\"><span style=\"color: #333333;\"><span style=\"font-family: 'Century Gothic', Verdana, Arial, 'BitStream vera Sans', Helvetica, sans-serif;\"><span style=\"font-size: small;\">die diesj\u00e4hrigen \u201eWeihnachtsanzeigen\u201c mit diesem Text schalten;<\/span><\/span><\/span><\/p>\n<\/li>\n<li>\n<p align=\"JUSTIFY\"><span style=\"color: #333333;\">\u201e<span style=\"font-family: 'Century Gothic', Verdana, Arial, 'BitStream vera Sans', Helvetica, sans-serif;\"><span style=\"font-size: small;\">spektakul\u00e4re Aktionen\u201c, genannt wurde: ein Kriegsverbrechertribunal, wo die ganzen Verbrechen der Nato-Staaten der letzten 20 Jahren aufgelistet, ihre Folgen bilanziert und die Haupt-Verantwortlichen herausgearbeitet werden, wodurch gleichzeitig auch die NATO als die Organisation dieser Verbrecher am Pranger st\u00fcnde;<\/span><\/span><\/span><\/p>\n<\/li>\n<li>\n<p align=\"JUSTIFY\"><span style=\"color: #333333;\"><span style=\"font-family: 'Century Gothic', Verdana, Arial, 'BitStream vera Sans', Helvetica, sans-serif;\"><span style=\"font-size: small;\">eine \u201aBelagerung\u2018 des Bundeskanzler-Amtes;<\/span><\/span><\/span><\/p>\n<\/li>\n<li>\n<p align=\"JUSTIFY\"><span style=\"color: #333333;\"><span style=\"font-family: 'Century Gothic', Verdana, Arial, 'BitStream vera Sans', Helvetica, sans-serif;\"><span style=\"font-size: small;\">bei den offensiven Werbeaktionen der Bundeswehr mit dem Aufruf auftreten;<\/span><\/span><\/span><\/p>\n<\/li>\n<li>\n<p align=\"JUSTIFY\"><span style=\"color: #333333;\"><span style=\"font-family: 'Century Gothic', Verdana, Arial, 'BitStream vera Sans', Helvetica, sans-serif;\"><span style=\"font-size: small;\">ein Friedenskongress in der Frankfurter Paulskirche.<\/span><\/span><\/span><\/p>\n<\/li>\n<\/ul>\n<ol start=\"4\">\n<li>\n<p align=\"JUSTIFY\"><span style=\"color: #333333;\"><span style=\"font-family: 'Century Gothic', Verdana, Arial, 'BitStream vera Sans', Helvetica, sans-serif;\"><span style=\"font-size: small;\">Klaus Hartmann lie\u00df die Initiatoren des Aufrufs ferner in seiner E-Mail wissen, dass es auf Seiten der Freidenker gegen die Zusammenstellung der Unterst\u00fctzerliste konkret folgende Einw\u00e4nde gegeben habe:<\/span><\/span><\/span><\/p>\n<\/li>\n<\/ol>\n<ul>\n<li>\n<p align=\"JUSTIFY\"><span style=\"color: #333333;\"><span style=\"font-family: 'Century Gothic', Verdana, Arial, 'BitStream vera Sans', Helvetica, sans-serif;\"><span style=\"font-size: small;\">Das Fehlen wichtiger Namen wie Albrecht M\u00fcller, Eugen Drewermann und Willy Wimmer wird als gro\u00dfes Defizit gewertet;<\/span><\/span><\/span><\/p>\n<\/li>\n<li>\n<p align=\"JUSTIFY\"><span style=\"color: #333333;\"><span style=\"font-family: 'Century Gothic', Verdana, Arial, 'BitStream vera Sans', Helvetica, sans-serif;\"><span style=\"font-size: small;\">es wird angeregt, hier nachzufassen und die Erstunterzeichner-Liste entsprechend zu erg\u00e4nzen;<\/span><\/span><\/span><\/p>\n<\/li>\n<li>\n<p align=\"JUSTIFY\"><span style=\"color: #333333;\"><span style=\"font-family: 'Century Gothic', Verdana, Arial, 'BitStream vera Sans', Helvetica, sans-serif;\"><span style=\"font-size: small;\">Die Auswahl des aus der Partei \u201eDie Linke\u201c aufgebotenen Personals ist zumindest befremdlich. Der verdienstvolle Wolfgang Gehrcke steht zwar drunter, H\u00f6ger und Groth fehlen. Dann: kein Diether Dehm, kein Andrej Hunko, kein Alexander Neu, keine Sevim Dagdelen. Eine besondere Schieflage ergibt sich aus dem Fehlen von Sarah Wagenknecht und Oskar Lafontaine, w\u00e4hrend Katja Kipping und die Freundin der \u201egem\u00e4\u00dfigten syrischen Rebellen\u201c, Christine Buchholz, draufstehen. Das muss doch wie eine Parteinahme in deren parteiinternen Streit wirken;<\/span><\/span><\/span><\/p>\n<\/li>\n<li>\n<p align=\"JUSTIFY\"><span style=\"color: #333333;\"><span style=\"font-family: 'Century Gothic', Verdana, Arial, 'BitStream vera Sans', Helvetica, sans-serif;\"><span style=\"font-size: small;\">Nicht so wichtig, aber der Vollst\u00e4ndigkeit halber: Dass Reiner Braun alle seine \u201eFamilienmitglieder\u201c zu Erstunterzeichnern gemacht hat, st\u00f6\u00dft nicht durchg\u00e4ngig auf Verst\u00e4ndnis (ich pers\u00f6nlich habe kein Problem damit);<\/span><\/span><\/span><\/p>\n<\/li>\n<li>\n<p align=\"JUSTIFY\"><span style=\"color: #333333;\"><span style=\"font-family: 'Century Gothic', Verdana, Arial, 'BitStream vera Sans', Helvetica, sans-serif;\"><span style=\"font-size: small;\">Der dickste Klops zum Schluss: Uwe Hiksch, dieser notorische Spalter und Hetzer gegen die Friedensbewegung, als Erstunterzeichner \u2013 das ist mehr, als viele (einschlie\u00dflich mir) ertragen k\u00f6nnen.<\/span><\/span><\/span><\/p>\n<\/li>\n<\/ul>\n<ol start=\"5\">\n<li>\n<p align=\"JUSTIFY\"><span style=\"color: #333333;\"><span style=\"font-family: 'Century Gothic', Verdana, Arial, 'BitStream vera Sans', Helvetica, sans-serif;\"><span style=\"font-size: small;\">In dieser Situation protestierten einzelne Freidenker auch gegen einen verleumderischen Angriff auf die Kampagne gegen die Air Base Ramstein auf der Webseite der attac-Bewegung am 12. Oktober 2017 unter dem Titel\u00a0<\/span><\/span><\/span><a href=\"http:\/\/theorieblog.attac.de\/2017\/10\/kampagne-stopp-airbase-ramstein-2017-licht-und-schatten\/\"><span style=\"color: #000000;\"><span style=\"font-family: 'Century Gothic', Verdana, Arial, 'BitStream vera Sans', Helvetica, sans-serif;\"><span style=\"font-size: small;\">\u201eKampagne, Stopp Airbase\u00a0Ramstein 2017: Licht und Schatten.\u201c<\/span><\/span><\/span><\/a><span style=\"color: #333333;\"><span style=\"font-family: 'Century Gothic', Verdana, Arial, 'BitStream vera Sans', Helvetica, sans-serif;\"><span style=\"font-size: small;\">\u00a0Die Verfasser des Pamphlets sind\u00a0<\/span><\/span><\/span><strong><span style=\"color: #333333;\"><span style=\"font-family: 'Century Gothic', Verdana, Arial, 'BitStream vera Sans', Helvetica, sans-serif;\"><span style=\"font-size: small;\">Klaus-Dieter Heiser<\/span><\/span><\/span><\/strong><span style=\"color: #333333;\"><span style=\"font-family: 'Century Gothic', Verdana, Arial, 'BitStream vera Sans', Helvetica, sans-serif;\"><span style=\"font-size: small;\">\u00a0(DIE LINKE, Neuk\u00f6lln und Friedensbewegung Berlin),\u00a0<\/span><\/span><\/span><strong><span style=\"color: #333333;\"><span style=\"font-family: 'Century Gothic', Verdana, Arial, 'BitStream vera Sans', Helvetica, sans-serif;\"><span style=\"font-size: small;\">L\u00fchr Henken<\/span><\/span><\/span><\/strong><span style=\"color: #333333;\"><span style=\"font-family: 'Century Gothic', Verdana, Arial, 'BitStream vera Sans', Helvetica, sans-serif;\"><span style=\"font-size: small;\">\u00a0(Bundesausschuss\u00a0Friedensratschlag),\u00a0<\/span><\/span><\/span><strong><span style=\"color: #333333;\"><span style=\"font-family: 'Century Gothic', Verdana, Arial, 'BitStream vera Sans', Helvetica, sans-serif;\"><span style=\"font-size: small;\">Uwe Hiksch<\/span><\/span><\/span><\/strong><span style=\"color: #333333;\"><span style=\"font-family: 'Century Gothic', Verdana, Arial, 'BitStream vera Sans', Helvetica, sans-serif;\"><span style=\"font-size: small;\">\u00a0(NaturFreunde Deutschlands),\u00a0<\/span><\/span><\/span><strong><span style=\"color: #333333;\"><span style=\"font-family: 'Century Gothic', Verdana, Arial, 'BitStream vera Sans', Helvetica, sans-serif;\"><span style=\"font-size: small;\">Stephan Lindner<\/span><\/span><\/span><\/strong><span style=\"color: #333333;\"><span style=\"font-family: 'Century Gothic', Verdana, Arial, 'BitStream vera Sans', Helvetica, sans-serif;\"><span style=\"font-size: small;\">\u00a0(Attac),\u00a0<\/span><\/span><\/span><strong><span style=\"color: #333333;\"><span style=\"font-family: 'Century Gothic', Verdana, Arial, 'BitStream vera Sans', Helvetica, sans-serif;\"><span style=\"font-size: small;\">Markus Pfl\u00fcger<\/span><\/span><\/span><\/strong><span style=\"color: #333333;\"><span style=\"font-family: 'Century Gothic', Verdana, Arial, 'BitStream vera Sans', Helvetica, sans-serif;\"><span style=\"font-size: small;\">\u00a0(AG Frieden Trier, DFG-VK Trier) und\u00a0<\/span><\/span><\/span><strong><span style=\"color: #333333;\"><span style=\"font-family: 'Century Gothic', Verdana, Arial, 'BitStream vera Sans', Helvetica, sans-serif;\"><span style=\"font-size: small;\">Tobias Pfl\u00fcger<\/span><\/span><\/span><\/strong><span style=\"color: #333333;\"><span style=\"font-family: 'Century Gothic', Verdana, Arial, 'BitStream vera Sans', Helvetica, sans-serif;\"><span style=\"font-size: small;\">(IMI, DIE LINKE). Die Verfasser verunglimpfen darin insbesondere die Friedensaktivisten Dr. Daniele Ganser, Ken Jebsen und die Musiker der \u201eBandbreite\u201c als \u201eVerschw\u00f6rungstheoretiker\u201c, nehmen also Ansto\u00df daran, dass diese die offizielle Legende \u00fcber die Anschl\u00e4ge vom 11. September 2001 in den USA als massiv unglaubw\u00fcrdig kritisieren und Aufkl\u00e4rung verlangen.<\/span><\/span><\/span><\/p>\n<\/li>\n<\/ol>\n<p align=\"JUSTIFY\"><span style=\"color: #333333;\"><span style=\"font-family: 'Century Gothic', Verdana, Arial, 'BitStream vera Sans', Helvetica, sans-serif;\"><span style=\"font-size: small;\">Einzelne Freidenker haben das Pamphlet als Versuch gewertet, der l\u00e4ngst geplatzten 9\/11-L\u00fcge durch Verleumdung ihrer Kritiker eine gewisse Glaubw\u00fcrdigkeit zu erhalten und die Friedensbewegung vors\u00e4tzlich zu spalten:<\/span><\/span><\/span><\/p>\n<ul>\n<li>\n<p align=\"JUSTIFY\"><strong><span style=\"color: #333333;\"><span style=\"font-family: 'Century Gothic', Verdana, Arial, 'BitStream vera Sans', Helvetica, sans-serif;\"><span style=\"font-size: small;\">Helene und Dr. Ansgar Klein<\/span><\/span><\/span><\/strong><span style=\"color: #333333;\"><span style=\"font-family: 'Century Gothic', Verdana, Arial, 'BitStream vera Sans', Helvetica, sans-serif;\"><span style=\"font-size: small;\">\u00a0machen die Diffamierungs-Praktiken deutlich, die in dem Pamphlet angewandt werden. Sie mahnen in einem Offenen Brief\u00a0<\/span><\/span><\/span><a href=\"http:\/\/www.nordrhein-westfalen.freidenker.org\/verleumderischer-angriff-auf-die-kampagne-gegen-die-air-base-ramstein\/\" target=\"_blank\" rel=\"noopener noreferrer\"><span style=\"color: #000000;\"><span style=\"font-family: 'Century Gothic', Verdana, Arial, 'BitStream vera Sans', Helvetica, sans-serif;\"><span style=\"font-size: small;\">\u201eVerleumderischer Angriff auf die Kampagne gegen die Ramstein Air Base<\/span><\/span><\/span><\/a><span style=\"color: #333333;\"><span style=\"font-family: 'Century Gothic', Verdana, Arial, 'BitStream vera Sans', Helvetica, sans-serif;\"><span style=\"font-size: small;\">\u201c: \u201eEs ist an der Zeit, dass solchen Menschen, die sich zudem als H\u00fcter der \u201areinen\u2018 Friedensbewegung aufspielen, auch seitens der Organisationen, denen sie angeh\u00f6ren und deren Ruf sie sch\u00e4digen, deutlich gemacht wird, dass solch ein verleumderischer und diffamierender \u201aText\u2018 ohne wenn und aber zu verurteilen ist.\u201c<\/span><\/span><\/span><\/p>\n<\/li>\n<li>\n<p align=\"JUSTIFY\"><strong><span style=\"color: #333333;\"><span style=\"font-family: 'Century Gothic', Verdana, Arial, 'BitStream vera Sans', Helvetica, sans-serif;\"><span style=\"font-size: small;\">Elias Davidsson<\/span><\/span><\/span><\/strong><span style=\"color: #333333;\"><span style=\"font-family: 'Century Gothic', Verdana, Arial, 'BitStream vera Sans', Helvetica, sans-serif;\"><span style=\"font-size: small;\">\u00a0schreibt in einem NRhZ-Artikel vom 16. Nov. 2017 unter dem Titel \u00a0<\/span><\/span><\/span><a href=\"http:\/\/www.nrhz.de\/flyer\/beitrag.php?id=24325\" target=\"_blank\" rel=\"noopener noreferrer\"><span style=\"color: #000000;\"><span style=\"font-family: 'Century Gothic', Verdana, Arial, 'BitStream vera Sans', Helvetica, sans-serif;\"><span style=\"font-size: small;\">\u201eDiffamierende Angriffe aus den Reihen der Linken nehmen erschreckende Ausma\u00dfe an\u201c<\/span><\/span><\/span><\/a><span style=\"color: #333333;\"><span style=\"font-family: 'Century Gothic', Verdana, Arial, 'BitStream vera Sans', Helvetica, sans-serif;\"><span style=\"font-size: small;\">\u00a0:<\/span><\/span><\/span><\/p>\n<\/li>\n<\/ul>\n<p align=\"JUSTIFY\"><span style=\"color: #333333;\">\u201e<span style=\"font-family: 'Century Gothic', Verdana, Arial, 'BitStream vera Sans', Helvetica, sans-serif;\"><span style=\"font-size: small;\">In wessen Namen wird hier mit Verbissenheit versucht, die Aufkl\u00e4rung eines Massenmordes zu verhindern? Ob die Autoren aus Rassismus, Faulheit, Feigheit, Opportunismus oder im Auftrag agieren, sei derzeit dahingestellt. Die 9\/11-L\u00fcge hat der Menschheit nicht nur zwei Angriffskriege und mehr als eine Million Tote beschert, sondern wird immer wieder zum Aufbau eines Polizeistaates hierzulande herangezogen. Wer die 9\/11-Massenm\u00f6rder schont, wie diese Autoren es offensichtlich tun, verdient als Beleg f\u00fcr die Zersetzung der einst gesch\u00e4tzten Ideale der Wahrheit und der Gerechtigkeit genannt zu werden.\u201c<\/span><\/span><\/span><\/p>\n<p align=\"LEFT\"><span style=\"color: #333333;\">Quelle: <a href=\"http:\/\/www.freidenker.org\/cms\/dfv\/index.php?option=com_content&amp;view=article&amp;id=524:freidenker-brief-4-2017-abruesten-statt-aufruesten&amp;catid=54:antifaschismus-antirassismus-antiimperialismus-solidaritaet-frieden&amp;Itemid=72\" target=\"_blank\" rel=\"noopener noreferrer\">klick<\/a> <\/span><\/p>\n","protected":false},"excerpt":{"rendered":"<p>Seit dem 6. November 2017 existiert ein Aufruf der Friedensbewegung mit der Forderung\u00a0\u201eAbr\u00fcsten statt aufr\u00fcsten!\u201c Klaus Hartmann, Bundesvorsitzender des Deutschen Freidenker-Verbands, unterst\u00fctzt den Appell als Protest gegen Militarisierung und Aufr\u00fcstung. Zum Hintergrund: Zur Verdeutlichung der Position des Deutschen Freidenker-Verbands hei\u00dft es in der Unterst\u00fctzungserkl\u00e4rung vom 12. November 2017 im Einzelnen: \u201eAuf 2% ihrer Wirtschaftsleistung sollen die Ausgaben f\u00fcr Krieg und Vernichtung in den NATO-Staaten bis 2024 steigen. F\u00fcr Deutschland bedeutet diese Steigerung auf \u00fcber 70 Milliarden Euro fast eine Verdoppelung [&#8230;]<\/p>\n","protected":false},"author":3,"featured_media":0,"comment_status":"open","ping_status":"open","sticky":false,"template":"","format":"standard","meta":{"_jetpack_memberships_contains_paid_content":false,"footnotes":""},"categories":[2,22,34],"tags":[42,39,14,13,15],"class_list":["post-376","post","type-post","status-publish","format-standard","hentry","category-aktuelles","category-aufklaerung","category-freidenker-brief","tag-abruestung","tag-aufklaerung","tag-frieden","tag-krieg","tag-stellungnahmen"],"jetpack_featured_media_url":"","jetpack_sharing_enabled":true,"_links":{"self":[{"href":"https:\/\/www.sachsen-anhalt.freidenker.org\/cms\/index.php?rest_route=\/wp\/v2\/posts\/376","targetHints":{"allow":["GET"]}}],"collection":[{"href":"https:\/\/www.sachsen-anhalt.freidenker.org\/cms\/index.php?rest_route=\/wp\/v2\/posts"}],"about":[{"href":"https:\/\/www.sachsen-anhalt.freidenker.org\/cms\/index.php?rest_route=\/wp\/v2\/types\/post"}],"author":[{"embeddable":true,"href":"https:\/\/www.sachsen-anhalt.freidenker.org\/cms\/index.php?rest_route=\/wp\/v2\/users\/3"}],"replies":[{"embeddable":true,"href":"https:\/\/www.sachsen-anhalt.freidenker.org\/cms\/index.php?rest_route=%2Fwp%2Fv2%2Fcomments&post=376"}],"version-history":[{"count":6,"href":"https:\/\/www.sachsen-anhalt.freidenker.org\/cms\/index.php?rest_route=\/wp\/v2\/posts\/376\/revisions"}],"predecessor-version":[{"id":506,"href":"https:\/\/www.sachsen-anhalt.freidenker.org\/cms\/index.php?rest_route=\/wp\/v2\/posts\/376\/revisions\/506"}],"wp:attachment":[{"href":"https:\/\/www.sachsen-anhalt.freidenker.org\/cms\/index.php?rest_route=%2Fwp%2Fv2%2Fmedia&parent=376"}],"wp:term":[{"taxonomy":"category","embeddable":true,"href":"https:\/\/www.sachsen-anhalt.freidenker.org\/cms\/index.php?rest_route=%2Fwp%2Fv2%2Fcategories&post=376"},{"taxonomy":"post_tag","embeddable":true,"href":"https:\/\/www.sachsen-anhalt.freidenker.org\/cms\/index.php?rest_route=%2Fwp%2Fv2%2Ftags&post=376"}],"curies":[{"name":"wp","href":"https:\/\/api.w.org\/{rel}","templated":true}]}}