{"id":399,"date":"2018-02-06T22:22:46","date_gmt":"2018-02-06T21:22:46","guid":{"rendered":"http:\/\/www.sachsen-anhalt.freidenker.org\/cms\/?p=399"},"modified":"2019-05-07T09:11:32","modified_gmt":"2019-05-07T07:11:32","slug":"autorenlesung-und-diskussion","status":"publish","type":"post","link":"https:\/\/www.sachsen-anhalt.freidenker.org\/cms\/?p=399","title":{"rendered":"Autorenlesung und Diskussion &#8211; \u201eHANDWERK UNTERM HAKENKREUZ\u201c"},"content":{"rendered":"<p align=\"justify\"><a href=\"http:\/\/www.sachsen-anhalt.freidenker.org\/cms\/wp-content\/uploads\/2018\/02\/HandwerkWitold.jpg\"><img loading=\"lazy\" decoding=\"async\" class=\"size-medium wp-image-400 aligncenter\" src=\"http:\/\/www.sachsen-anhalt.freidenker.org\/cms\/wp-content\/uploads\/2018\/02\/HandwerkWitold-253x300.jpg\" alt=\"\" width=\"253\" height=\"300\" srcset=\"https:\/\/www.sachsen-anhalt.freidenker.org\/cms\/wp-content\/uploads\/2018\/02\/HandwerkWitold-253x300.jpg 253w, https:\/\/www.sachsen-anhalt.freidenker.org\/cms\/wp-content\/uploads\/2018\/02\/HandwerkWitold-768x911.jpg 768w, https:\/\/www.sachsen-anhalt.freidenker.org\/cms\/wp-content\/uploads\/2018\/02\/HandwerkWitold-864x1024.jpg 864w\" sizes=\"auto, (max-width: 253px) 100vw, 253px\" \/><\/a><\/p>\n<p align=\"justify\">\u201e<span style=\"font-size: large;\"><b>HANDWERK UNTERM HAKENKREUZ\u201c von und mit Witold Fischer<\/b><\/span><\/p>\n<p><span style=\"font-size: large;\"><b>Wann: 21.02.2018 um 19:00Uhr<\/b><\/span><\/p>\n<p><span style=\"font-size: large;\"><b>Wo: Saal Kulturzentrum Reichenstra\u00dfe 1, 06484 Quedlinburg\u00a0<\/b><\/span><\/p>\n<ul>\n<li>\n<p align=\"justify\"><span style=\"font-family: DejaVu Sans;\"><span style=\"font-size: small;\">Erhebungen zur sozialen Basis von AfD, PEGIDA und \u00e4hnlichen Organisationen, Str\u00f6mungen usw. zeigen, da\u00df deren soziale Basis \u00fcberproportional aus Handwerkern, kleinen Gewerbetreibenden, Freiberuflern, kleinen und mittleren Unternehmern besteht. Fr\u00fcher hat man diese Klasse als Kleinb\u00fcrgertum oder kleine Warenproduzenten bezeichnet.<\/span><\/span><\/p>\n<\/li>\n<li>\n<p align=\"justify\"><span style=\"font-family: DejaVu Sans;\"><span style=\"font-size: small;\">Das politische Verhalten dieser Klasse ist erstaunlich schlecht erforscht. Zu den Gr\u00fcnden, warum das\u00a0so ist, hat mit Witold Fischer jemand sich Gedanken gemacht, der zu den wenigen Historikern geh\u00f6rt, die zur modernen deutschen Handwerksgeschichte gearbeitet haben.<\/span><\/span><\/p>\n<\/li>\n<li>\n<p align=\"justify\"><span style=\"font-family: DejaVu Sans;\"><span style=\"font-size: small;\">Fischer wird darstellen, worin die Hauptprobleme des Handwerks zu Beginn der 1930er Jahre bestanden. Er wird zeigen,\u00a0da\u00df\u00a0die NSDAP die Forderungen der Handwerksverb\u00e4nde erf\u00fcllte, gleichzeitig aber pervertierte. Man wird sehen, da\u00df die Handwerker vom Faschismus rasch entt\u00e4uscht waren.<\/span><\/span><\/p>\n<\/li>\n<li>\n<p align=\"justify\"><span style=\"font-family: DejaVu Sans;\"><span style=\"font-size: small;\">Dann gilt es, aus der \u00dcbersicht \u00fcber konkrete Entwicklungen dieser Zeit allgemeinere Gesetzm\u00e4\u00dfigkeiten abzuleiten und zu diskutieren. Dazu und der Diskussion weiterer in diesem Zusammenhang stehenden Fragen sind alle G\u00e4ste herzlich eingeladen.<\/span><\/span><\/p>\n<\/li>\n<li>\n<p align=\"justify\"><span style=\"font-family: DejaVu Sans;\"><span style=\"font-size: small;\"><a href=\"http:\/\/www.sachsen-anhalt.freidenker.org\/cms\/wp-content\/uploads\/2018\/02\/lesung.png\"><img loading=\"lazy\" decoding=\"async\" class=\"size-medium wp-image-401 aligncenter\" src=\"http:\/\/www.sachsen-anhalt.freidenker.org\/cms\/wp-content\/uploads\/2018\/02\/lesung-300x215.png\" alt=\"\" width=\"300\" height=\"215\" srcset=\"https:\/\/www.sachsen-anhalt.freidenker.org\/cms\/wp-content\/uploads\/2018\/02\/lesung-300x215.png 300w, https:\/\/www.sachsen-anhalt.freidenker.org\/cms\/wp-content\/uploads\/2018\/02\/lesung-768x550.png 768w, https:\/\/www.sachsen-anhalt.freidenker.org\/cms\/wp-content\/uploads\/2018\/02\/lesung-1024x734.png 1024w, https:\/\/www.sachsen-anhalt.freidenker.org\/cms\/wp-content\/uploads\/2018\/02\/lesung.png 1161w\" sizes=\"auto, (max-width: 300px) 100vw, 300px\" \/><\/a><\/span><\/span><\/p>\n<p><!--more--><\/p>\n<p align=\"justify\"><span style=\"font-family: DejaVu Sans;\"><span style=\"font-size: small;\">Das Handwerk als \u00e4ltester nicht-agrarischer Wirtschaftszweig des Menschen durchlebte in seiner Geschichte umfangreiche Wandlungen. Wie es sich definiert und welche Rolle es im \u00f6konomischen Gesamtgeschehen einnimmt, wurde in der Literatur bisher eher am Rande behandelt. In der Zeit von 1933 bis 1945 kulminierten einige Entwicklungen, die bis heute Nachwirkungen haben. Andere Erscheinungen sind dagegen verschwunden. Weshalb Handwerker fast ein halbes Jahrhundert lang um Zwangsinnung und Bef\u00e4higungsnachweis rangen, wird aus den Ausf\u00fchrungen deutlich werden. Zugleich wird sichtbar, weshalb die NS-Demagogie unter dieser Schicht vor 1933 verfangen konnte, weshalb sich aber ab etwa 1936 Handwerker zunehmend in Opposition zum Faschismus fanden.<\/span><\/span><\/p>\n<\/li>\n<\/ul>\n<p>&nbsp;<\/p>\n<p>&nbsp;<\/p>\n<p>&nbsp;<\/p>\n<p>&nbsp;<\/p>\n","protected":false},"excerpt":{"rendered":"<p>\u201eHANDWERK UNTERM HAKENKREUZ\u201c von und mit Witold Fischer Wann: 21.02.2018 um 19:00Uhr Wo: Saal Kulturzentrum Reichenstra\u00dfe 1, 06484 Quedlinburg\u00a0 Erhebungen zur sozialen Basis von AfD, PEGIDA und \u00e4hnlichen Organisationen, Str\u00f6mungen usw. zeigen, da\u00df deren soziale Basis \u00fcberproportional aus Handwerkern, kleinen Gewerbetreibenden, Freiberuflern, kleinen und mittleren Unternehmern besteht. Fr\u00fcher hat man diese Klasse als Kleinb\u00fcrgertum oder kleine Warenproduzenten bezeichnet. Das politische Verhalten dieser Klasse ist erstaunlich schlecht erforscht. Zu den Gr\u00fcnden, warum das\u00a0so ist, hat mit Witold Fischer jemand sich Gedanken [&#8230;]<\/p>\n","protected":false},"author":3,"featured_media":400,"comment_status":"open","ping_status":"open","sticky":false,"template":"","format":"standard","meta":{"_jetpack_memberships_contains_paid_content":false,"footnotes":""},"categories":[43,21],"tags":[19,33,12,45,17,5],"class_list":["post-399","post","type-post","status-publish","format-standard","has-post-thumbnail","hentry","category-lesung-und-diskussion","category-termine-veranstaltungen","tag-buchempfehlung","tag-diskussion","tag-geschichte","tag-lesung","tag-politik","tag-veranstaltung"],"jetpack_featured_media_url":"https:\/\/www.sachsen-anhalt.freidenker.org\/cms\/wp-content\/uploads\/2018\/02\/HandwerkWitold.jpg","jetpack_sharing_enabled":true,"_links":{"self":[{"href":"https:\/\/www.sachsen-anhalt.freidenker.org\/cms\/index.php?rest_route=\/wp\/v2\/posts\/399","targetHints":{"allow":["GET"]}}],"collection":[{"href":"https:\/\/www.sachsen-anhalt.freidenker.org\/cms\/index.php?rest_route=\/wp\/v2\/posts"}],"about":[{"href":"https:\/\/www.sachsen-anhalt.freidenker.org\/cms\/index.php?rest_route=\/wp\/v2\/types\/post"}],"author":[{"embeddable":true,"href":"https:\/\/www.sachsen-anhalt.freidenker.org\/cms\/index.php?rest_route=\/wp\/v2\/users\/3"}],"replies":[{"embeddable":true,"href":"https:\/\/www.sachsen-anhalt.freidenker.org\/cms\/index.php?rest_route=%2Fwp%2Fv2%2Fcomments&post=399"}],"version-history":[{"count":6,"href":"https:\/\/www.sachsen-anhalt.freidenker.org\/cms\/index.php?rest_route=\/wp\/v2\/posts\/399\/revisions"}],"predecessor-version":[{"id":407,"href":"https:\/\/www.sachsen-anhalt.freidenker.org\/cms\/index.php?rest_route=\/wp\/v2\/posts\/399\/revisions\/407"}],"wp:featuredmedia":[{"embeddable":true,"href":"https:\/\/www.sachsen-anhalt.freidenker.org\/cms\/index.php?rest_route=\/wp\/v2\/media\/400"}],"wp:attachment":[{"href":"https:\/\/www.sachsen-anhalt.freidenker.org\/cms\/index.php?rest_route=%2Fwp%2Fv2%2Fmedia&parent=399"}],"wp:term":[{"taxonomy":"category","embeddable":true,"href":"https:\/\/www.sachsen-anhalt.freidenker.org\/cms\/index.php?rest_route=%2Fwp%2Fv2%2Fcategories&post=399"},{"taxonomy":"post_tag","embeddable":true,"href":"https:\/\/www.sachsen-anhalt.freidenker.org\/cms\/index.php?rest_route=%2Fwp%2Fv2%2Ftags&post=399"}],"curies":[{"name":"wp","href":"https:\/\/api.w.org\/{rel}","templated":true}]}}