{"id":466,"date":"2018-05-08T11:58:51","date_gmt":"2018-05-08T09:58:51","guid":{"rendered":"http:\/\/www.sachsen-anhalt.freidenker.org\/cms\/?p=466"},"modified":"2019-05-07T09:11:31","modified_gmt":"2019-05-07T07:11:31","slug":"liebe-freunde-freien-denkens","status":"publish","type":"post","link":"https:\/\/www.sachsen-anhalt.freidenker.org\/cms\/?p=466","title":{"rendered":"Liebe Freunde freien Denkens!"},"content":{"rendered":"<p align=\"justify\"><span style=\"font-family: Verdana;\"><span style=\"font-size: small;\"><a href=\"http:\/\/www.sachsen-anhalt.freidenker.org\/cms\/wp-content\/uploads\/2018\/03\/cropped-fd_icon_512-1.png\"><img loading=\"lazy\" decoding=\"async\" class=\"alignleft wp-image-442 size-thumbnail\" src=\"http:\/\/www.sachsen-anhalt.freidenker.org\/cms\/wp-content\/uploads\/2018\/03\/cropped-fd_icon_512-1-150x150.png\" alt=\"\" width=\"150\" height=\"150\" srcset=\"https:\/\/www.sachsen-anhalt.freidenker.org\/cms\/wp-content\/uploads\/2018\/03\/cropped-fd_icon_512-1-150x150.png 150w, https:\/\/www.sachsen-anhalt.freidenker.org\/cms\/wp-content\/uploads\/2018\/03\/cropped-fd_icon_512-1-300x300.png 300w, https:\/\/www.sachsen-anhalt.freidenker.org\/cms\/wp-content\/uploads\/2018\/03\/cropped-fd_icon_512-1-144x144.png 144w, https:\/\/www.sachsen-anhalt.freidenker.org\/cms\/wp-content\/uploads\/2018\/03\/cropped-fd_icon_512-1.png 512w\" sizes=\"auto, (max-width: 150px) 100vw, 150px\" \/><\/a>Im Landesmuseum f\u00fcr Vorgeschichte in Halle l\u00e4uft noch bis Pfingstmontag 2018 eine Sonderausstellung, die da hei\u00dft <a href=\"http:\/\/www.lda-lsa.de\/de\/landesmuseum_fuer_vorgeschichte\/sonderausstellungen\/klimagewalten\/\" target=\"_blank\" rel=\"noopener noreferrer\">&#8222;Klimagewalten &#8211; Treibende Kraft der Evolution&#8220;<\/a>.<\/span><\/span><\/p>\n<p align=\"justify\"><span style=\"font-family: Verdana;\"><span style=\"font-size: small;\">Sie stellt die ganze Klimadiskussion insoweit vom Kopf auf die F\u00fc\u00dfe, als sie feststellt, da\u00df nicht der Mensch das Klima, sondern das Klima den Menschen macht.<\/span><\/span><\/p>\n<p align=\"justify\"><span style=\"font-family: Verdana;\"><span style=\"font-size: small;\">Wir werden diese Ausstellung besuchen. Termin: Pfingstsonnabend, 19. Mai 2018, 10.00 Uhr.<\/span><\/span><\/p>\n<p align=\"justify\"><span style=\"font-family: Verdana;\"><span style=\"font-size: small;\">Wenn wir einmal in der Stadt sind, nutzen wir dies, um nach einer kurzen Mittagspause irgendwo anschlie\u00dfend, und das hei\u00dft 14.00 Uhr, unter der Adresse\u00a0Harz 51 in Halle einzukehren, um dort einen neuen Freidenker-Halle-Stammtisch abzuhalten.<\/span><\/span><\/p>\n<p align=\"justify\"><span style=\"font-family: Verdana;\"><span style=\"font-size: small;\">Die Zeitzer Freidenker sorgen f\u00fcr einen Kasten Bier. Sonstige Verpflegungsw\u00fcnsche bitte durch mitgebrachten Proviant befriedigen, denn schlie\u00dflich sind wir in Sachsen\/Anhalt. (In Preu\u00dfen gilt bekanntlich: Wat hat der Soldat auf&#8217;s Brot? &#8211; Anspruch.)<\/span><\/span><\/p>\n<p align=\"justify\"><span style=\"font-family: Verdana;\"><span style=\"font-size: small;\">Ende im Laufe der Nacht. Die Anreise zum Landesmuseum oder Tagungsort ist individuell zu organisieren.<\/span><\/span><!--more--><\/p>\n<p align=\"justify\"><span style=\"font-family: Verdana;\"><span style=\"font-size: small;\">Noch vorher ist Himmelfahrt. Wir &#8211; also jene, welche mitwandern wollen &#8211;\u00a0treffen uns am 10.Mai 2018 um 10.15 Uhr auf dem Bahnhofsvorplatz Naumburg\/Hauptbahnhof. Dann \u00fcber Kleinjena nach Ro\u00dfbach und irgenwie r\u00fcber in Richtung Bad K\u00f6sen, Gro\u00dfheringen, Bad Sulza. Das ist der Abschnitt, wo die Saale die Finne-St\u00f6rung durchbricht, oder anders ausgedr\u00fcckt: das Zentrum der Welt.<\/span><\/span><\/p>\n<p align=\"justify\"><span style=\"font-family: Verdana;\"><span style=\"font-size: small;\">In Ro\u00dfbach soll man, nach Galetti, nach der Schlacht (im Siebenj\u00e4hrigen Krieg) Pferde, denen drei, vier und noch mehr Beine abgeschossen wurden, herrenlos herumlaufen gesehen haben.<\/span><\/span><\/p>\n<p align=\"justify\"><span style=\"font-family: Verdana;\"><span style=\"font-size: small;\">Auch hier gilt: Zum Naumburger Bahnhofsvorplatz m\u00fc\u00dft Ihr allein finden.\u00a0<\/span><\/span><\/p>\n<p align=\"justify\"><span style=\"font-family: Verdana;\"><span style=\"font-size: small;\">Alles neu macht der Mai!<\/span><\/span><\/p>\n<p align=\"justify\"><span style=\"font-family: Verdana;\"><span style=\"font-size: small;\">Wir sehen uns!<\/span><\/span><\/p>\n<p align=\"justify\">\u00a0 \u00a0 \u00a0 \u00a0 \u00a0 \u00a0 \u00a0 \u00a0 \u00a0 \u00a0 \u00a0 \u00a0 \u00a0 \u00a0 \u00a0 \u00a0 \u00a0 \u00a0 \u00a0 \u00a0 \u00a0 \u00a0 \u00a0 \u00a0 \u00a0 \u00a0 <span style=\"font-family: Verdana;\"><span style=\"font-size: small;\">Witold Fischer<\/span><\/span><\/p>\n","protected":false},"excerpt":{"rendered":"<p>Im Landesmuseum f\u00fcr Vorgeschichte in Halle l\u00e4uft noch bis Pfingstmontag 2018 eine Sonderausstellung, die da hei\u00dft &#8222;Klimagewalten &#8211; Treibende Kraft der Evolution&#8220;. Sie stellt die ganze Klimadiskussion insoweit vom Kopf auf die F\u00fc\u00dfe, als sie feststellt, da\u00df nicht der Mensch das Klima, sondern das Klima den Menschen macht. Wir werden diese Ausstellung besuchen. Termin: Pfingstsonnabend, 19. Mai 2018, 10.00 Uhr. Wenn wir einmal in der Stadt sind, nutzen wir dies, um nach einer kurzen Mittagspause irgendwo anschlie\u00dfend, und das hei\u00dft [&#8230;]<\/p>\n","protected":false},"author":3,"featured_media":0,"comment_status":"open","ping_status":"open","sticky":false,"template":"","format":"standard","meta":{"_jetpack_memberships_contains_paid_content":false,"footnotes":""},"categories":[2,21],"tags":[50,18,49,5],"class_list":["post-466","post","type-post","status-publish","format-standard","hentry","category-aktuelles","category-termine-veranstaltungen","tag-halle","tag-sachsen-anhalt","tag-treffen","tag-veranstaltung"],"jetpack_featured_media_url":"","jetpack_sharing_enabled":true,"_links":{"self":[{"href":"https:\/\/www.sachsen-anhalt.freidenker.org\/cms\/index.php?rest_route=\/wp\/v2\/posts\/466","targetHints":{"allow":["GET"]}}],"collection":[{"href":"https:\/\/www.sachsen-anhalt.freidenker.org\/cms\/index.php?rest_route=\/wp\/v2\/posts"}],"about":[{"href":"https:\/\/www.sachsen-anhalt.freidenker.org\/cms\/index.php?rest_route=\/wp\/v2\/types\/post"}],"author":[{"embeddable":true,"href":"https:\/\/www.sachsen-anhalt.freidenker.org\/cms\/index.php?rest_route=\/wp\/v2\/users\/3"}],"replies":[{"embeddable":true,"href":"https:\/\/www.sachsen-anhalt.freidenker.org\/cms\/index.php?rest_route=%2Fwp%2Fv2%2Fcomments&post=466"}],"version-history":[{"count":6,"href":"https:\/\/www.sachsen-anhalt.freidenker.org\/cms\/index.php?rest_route=\/wp\/v2\/posts\/466\/revisions"}],"predecessor-version":[{"id":502,"href":"https:\/\/www.sachsen-anhalt.freidenker.org\/cms\/index.php?rest_route=\/wp\/v2\/posts\/466\/revisions\/502"}],"wp:attachment":[{"href":"https:\/\/www.sachsen-anhalt.freidenker.org\/cms\/index.php?rest_route=%2Fwp%2Fv2%2Fmedia&parent=466"}],"wp:term":[{"taxonomy":"category","embeddable":true,"href":"https:\/\/www.sachsen-anhalt.freidenker.org\/cms\/index.php?rest_route=%2Fwp%2Fv2%2Fcategories&post=466"},{"taxonomy":"post_tag","embeddable":true,"href":"https:\/\/www.sachsen-anhalt.freidenker.org\/cms\/index.php?rest_route=%2Fwp%2Fv2%2Ftags&post=466"}],"curies":[{"name":"wp","href":"https:\/\/api.w.org\/{rel}","templated":true}]}}