{"id":740,"date":"2022-04-29T17:48:52","date_gmt":"2022-04-29T15:48:52","guid":{"rendered":"https:\/\/www.sachsen-anhalt.freidenker.org\/cms\/?p=740"},"modified":"2022-04-29T17:50:34","modified_gmt":"2022-04-29T15:50:34","slug":"orlog-spaetes-spiel-um-gerechtigkeit-locallesung-06-05-2022","status":"publish","type":"post","link":"https:\/\/www.sachsen-anhalt.freidenker.org\/cms\/?p=740","title":{"rendered":"ORLOG* Sp\u00e4tes Spiel um Gerechtigkeit &#8211; Locallesung 06.05.2022"},"content":{"rendered":"<h2>Locallesung &#8211; im Quedlinburger <a href=\"http:\/\/www.b\u00fccherfr\u00fchling.de\/index.php\/mai-2022\" target=\"_blank\" rel=\"noopener\">B\u00fccherfr\u00fchling<\/a>.<\/h2>\n<h3>Im P\u00f6lkenhof, P\u00f6lkenstra\u00dfe 38<\/h3>\n<p>Freitag, 06.05.2022, 19:00 Uhr<\/p>\n<h4><strong>ORLOG* Sp\u00e4tes Spiel um Gerechtigkeit <\/strong><\/h4>\n<p align=\"JUSTIFY\">Lesung mit dem Autor J\u00fcrgen Leskien<\/p>\n<p align=\"JUSTIFY\">Als Theaterst\u00fcck geschrieben und nun als Buch erschienen, ORLOG*.<\/p>\n<p align=\"JUSTIFY\">Aus dem altniederl\u00e4ndischen orlog(e) \u201eKrieg\u201c, eigentlich \u201evertragloser Zustand\u201c<\/p>\n<p align=\"JUSTIFY\">\u201eOrlog\u201c in der Herero-Gesellschaft: Bis in Namibias Gegenwart Inbegriff der Auseinandersetzung mit der deutschen Kolonialmacht.<\/p>\n<p align=\"JUSTIFY\">Deutsch-S\u00fcdwestafrika, Kolonialzeit, der V\u00f6lkermord an den Herero, den Nama \u2013 Deutschland und Namibia sind durch ein grausames St\u00fcck Geschichte eng miteinander verbunden. ORLOG* im Verhandlungsaal vor einem amerikanischen Gericht, erz\u00e4hlt von kaum vorstellbaren Schicksalen, von gesellschaftlichen Verwerfungen, in denen sich der ungel\u00f6ste Konflikt zwischen Nord und S\u00fcd noch heute widerspiegelt. Und ORLOG* macht ein Angebot zum Dialog \u00fcber Vers\u00f6hnung und neuem Anfang.<\/p>\n<p align=\"JUSTIFY\">Wir erleben in ORLOG* eine v\u00f6llig neue, historisch noch nicht dagewesene Situation: Ein afrikanisches Volk, das Volk der Herero, klagt die Bundesrepublik Deutschland des V\u00f6lkermordes an. \u00dcberzeugend erz\u00e4hlt, \u00fcber Schicksale, die sich einpr\u00e4gen, entfaltete das St\u00fcck ein Angebot zum \u00f6ffentlichen Dialog &#8211; in schwierigen Zeiten, zwischen Nord und S\u00fcd.<\/p>\n<p align=\"JUSTIFY\">Ein halbes Leben als Flieger zwischen Himmel und Erde, sp\u00e4ter dann Freund, gesch\u00e4tzter Fremder inmitten des angolanischen B\u00fcrgerkrieges, leben in der Savanne Tansanias, am Rande der W\u00fcste Namib \u2013 aus diesen Quellen speist sich die poetische Kraft des Schriftstellers J\u00fcrgen Leskien. Das gilt f\u00fcr \u201eEinsam in S\u00fcdwest\u201c, \u201eShilumbu, was will er in Afrika\u201c ebenso wie f\u00fcr die j\u00fcngste Arbeit \u201eORLOG*.<\/p>\n<p align=\"JUSTIFY\">Ein aktuelles Interview mit dem Autor findet sich im Neuen Deutschland, im Internet diesem <a href=\"https:\/\/www.nd-aktuell.de\/artikel\/1163159.versoehnung-in-namibia-ich-wuenschte-dass-wir-ueber-unsere-kolonialgeschichte-offen-sprechen.html?sstr=J%C3%BCrgen|Leskien\" target=\"_blank\" rel=\"noopener\">Link<\/a> folgend nachzulesen.<\/p>\n<p align=\"JUSTIFY\">Veranstalter: Rosa-Luxemburg-Club Harz und Deutsche Freidenker-Verband Quedlinburg<\/p>\n<p align=\"JUSTIFY\"><!--more-->Informationen und Anmeldung \u00fcber Thomas Loch, Tel.: 0171 \/ 19 96 214<\/p>\n<p align=\"JUSTIFY\">Eintritt: frei, um eine Spende zur F\u00f6rderung der Literaturprojektes Locale Lesung in Quedlinburg wird gebeten<\/p>\n<p>&nbsp;<\/p>\n","protected":false},"excerpt":{"rendered":"<p>Locallesung &#8211; im Quedlinburger B\u00fccherfr\u00fchling. Im P\u00f6lkenhof, P\u00f6lkenstra\u00dfe 38 Freitag, 06.05.2022, 19:00 Uhr ORLOG* Sp\u00e4tes Spiel um Gerechtigkeit Lesung mit dem Autor J\u00fcrgen Leskien Als Theaterst\u00fcck geschrieben und nun als Buch erschienen, ORLOG*. Aus dem altniederl\u00e4ndischen orlog(e) \u201eKrieg\u201c, eigentlich \u201evertragloser Zustand\u201c \u201eOrlog\u201c in der Herero-Gesellschaft: Bis in Namibias Gegenwart Inbegriff der Auseinandersetzung mit der deutschen Kolonialmacht. Deutsch-S\u00fcdwestafrika, Kolonialzeit, der V\u00f6lkermord an den Herero, den Nama \u2013 Deutschland und Namibia sind durch ein grausames St\u00fcck Geschichte eng miteinander verbunden. ORLOG* im [&#8230;]<\/p>\n","protected":false},"author":5,"featured_media":742,"comment_status":"open","ping_status":"open","sticky":false,"template":"","format":"standard","meta":{"_jetpack_memberships_contains_paid_content":false,"footnotes":""},"categories":[22,35,20,43,21],"tags":[],"class_list":["post-740","post","type-post","status-publish","format-standard","has-post-thumbnail","hentry","category-aufklaerung","category-diskussion-gedanken-zum-zeitgeschehen","category-gedanken-zum-zeitgeschehen","category-lesung-und-diskussion","category-termine-veranstaltungen"],"jetpack_featured_media_url":"https:\/\/www.sachsen-anhalt.freidenker.org\/cms\/wp-content\/uploads\/2022\/04\/ORLOG.jpg","jetpack_sharing_enabled":true,"_links":{"self":[{"href":"https:\/\/www.sachsen-anhalt.freidenker.org\/cms\/index.php?rest_route=\/wp\/v2\/posts\/740","targetHints":{"allow":["GET"]}}],"collection":[{"href":"https:\/\/www.sachsen-anhalt.freidenker.org\/cms\/index.php?rest_route=\/wp\/v2\/posts"}],"about":[{"href":"https:\/\/www.sachsen-anhalt.freidenker.org\/cms\/index.php?rest_route=\/wp\/v2\/types\/post"}],"author":[{"embeddable":true,"href":"https:\/\/www.sachsen-anhalt.freidenker.org\/cms\/index.php?rest_route=\/wp\/v2\/users\/5"}],"replies":[{"embeddable":true,"href":"https:\/\/www.sachsen-anhalt.freidenker.org\/cms\/index.php?rest_route=%2Fwp%2Fv2%2Fcomments&post=740"}],"version-history":[{"count":4,"href":"https:\/\/www.sachsen-anhalt.freidenker.org\/cms\/index.php?rest_route=\/wp\/v2\/posts\/740\/revisions"}],"predecessor-version":[{"id":745,"href":"https:\/\/www.sachsen-anhalt.freidenker.org\/cms\/index.php?rest_route=\/wp\/v2\/posts\/740\/revisions\/745"}],"wp:featuredmedia":[{"embeddable":true,"href":"https:\/\/www.sachsen-anhalt.freidenker.org\/cms\/index.php?rest_route=\/wp\/v2\/media\/742"}],"wp:attachment":[{"href":"https:\/\/www.sachsen-anhalt.freidenker.org\/cms\/index.php?rest_route=%2Fwp%2Fv2%2Fmedia&parent=740"}],"wp:term":[{"taxonomy":"category","embeddable":true,"href":"https:\/\/www.sachsen-anhalt.freidenker.org\/cms\/index.php?rest_route=%2Fwp%2Fv2%2Fcategories&post=740"},{"taxonomy":"post_tag","embeddable":true,"href":"https:\/\/www.sachsen-anhalt.freidenker.org\/cms\/index.php?rest_route=%2Fwp%2Fv2%2Ftags&post=740"}],"curies":[{"name":"wp","href":"https:\/\/api.w.org\/{rel}","templated":true}]}}