{"id":770,"date":"2022-06-08T13:27:01","date_gmt":"2022-06-08T11:27:01","guid":{"rendered":"https:\/\/www.sachsen-anhalt.freidenker.org\/cms\/?p=770"},"modified":"2022-06-29T20:09:15","modified_gmt":"2022-06-29T18:09:15","slug":"der-linke-liedersommer-findet-statt","status":"publish","type":"post","link":"https:\/\/www.sachsen-anhalt.freidenker.org\/cms\/?p=770","title":{"rendered":"Der Linke Liedersommer findet statt!"},"content":{"rendered":"<p align=\"JUSTIFY\"><span style=\"font-family: Times New Roman, serif;\"><span style=\"font-size: medium;\"><a href=\"https:\/\/www.sachsen-anhalt.freidenker.org\/cms\/wp-content\/uploads\/2022\/06\/Screenshot-2022-06-08-at-12-41-08-LINKER-LIEDERSOMMER-FINDET-STATT-10.-12.06.2022-in-Bad-Orb-\u2013-Deutscher-Freidenker-Verband-e.V.png\"><img loading=\"lazy\" decoding=\"async\" class=\"size-medium wp-image-771 alignleft\" src=\"https:\/\/www.sachsen-anhalt.freidenker.org\/cms\/wp-content\/uploads\/2022\/06\/Screenshot-2022-06-08-at-12-41-08-LINKER-LIEDERSOMMER-FINDET-STATT-10.-12.06.2022-in-Bad-Orb-\u2013-Deutscher-Freidenker-Verband-e.V-300x147.png\" alt=\"\" width=\"300\" height=\"147\" srcset=\"https:\/\/www.sachsen-anhalt.freidenker.org\/cms\/wp-content\/uploads\/2022\/06\/Screenshot-2022-06-08-at-12-41-08-LINKER-LIEDERSOMMER-FINDET-STATT-10.-12.06.2022-in-Bad-Orb-\u2013-Deutscher-Freidenker-Verband-e.V-300x147.png 300w, https:\/\/www.sachsen-anhalt.freidenker.org\/cms\/wp-content\/uploads\/2022\/06\/Screenshot-2022-06-08-at-12-41-08-LINKER-LIEDERSOMMER-FINDET-STATT-10.-12.06.2022-in-Bad-Orb-\u2013-Deutscher-Freidenker-Verband-e.V-1024x502.png 1024w, https:\/\/www.sachsen-anhalt.freidenker.org\/cms\/wp-content\/uploads\/2022\/06\/Screenshot-2022-06-08-at-12-41-08-LINKER-LIEDERSOMMER-FINDET-STATT-10.-12.06.2022-in-Bad-Orb-\u2013-Deutscher-Freidenker-Verband-e.V-768x376.png 768w, https:\/\/www.sachsen-anhalt.freidenker.org\/cms\/wp-content\/uploads\/2022\/06\/Screenshot-2022-06-08-at-12-41-08-LINKER-LIEDERSOMMER-FINDET-STATT-10.-12.06.2022-in-Bad-Orb-\u2013-Deutscher-Freidenker-Verband-e.V.png 1190w\" sizes=\"auto, (max-width: 300px) 100vw, 300px\" \/><\/a>Nur an einem anderen Ort als urspr\u00fcnglich geplant. Termin ist das n\u00e4chste Wochenende (10. \u2013 12.06.2022) und es wird sicher wieder eine <a href=\"https:\/\/www.freidenker.org\/?p=13349\" target=\"_blank\" rel=\"noopener\">interessante Veranstaltung<\/a>, in welcher es vorrangig um progressive linke Kultur in diesem Land geht. Insbesondere um Formen der k\u00fcnstlerischen Kultur, welche sich kritisch mit der aktuellen Politik auseinandersetzen und nicht in allgemeiner und oft \u00fcblicher Beliebigkeit gefangen, das nachspielt, das nachsingt und deklariert, was die herrschaftliche Politik vorgibt und in ihren Medien zul\u00e4sst. <\/span><\/span><\/p>\n<p align=\"JUSTIFY\"><span style=\"font-family: Times New Roman, serif;\"><span style=\"font-size: medium;\">Da dem so ist und der Deutsche Freidenker-Verband den Auseinandersetzungen der Zeit nicht aus dem Weg geht, sondern in seiner Tradition f\u00fchrt, ist auch mit entsprechendem Gegenwind zu rechnen, es kl\u00e4rt sich auf, es wird Farbe bekannt und so scheidet sich an den aktuellen gesellschaftlichen Widerspr\u00fcchen so mancher Geist und das nicht ohne Folgen.<\/span><\/span><\/p>\n<p align=\"JUSTIFY\"><span style=\"font-family: Times New Roman, serif;\"><span style=\"font-size: medium;\">Das kurzfristig ein neuer Ort f\u00fcr die Veranstaltung gefunden werden musste, da sehr kurzfristig der urspr\u00fcngliche gek\u00fcndigt, kann auch als Beleg f\u00fcr die Notwendigkeit solcher Veranstaltungen gesehen werden und dass diese wichtig sind, allein schon, weil sich anders, mit k\u00fcnstlerischen Mitteln, mit den aktuellen Problemen der Gegenwart auseinandergesetzt <\/span><\/span><span style=\"font-family: Times New Roman, serif;\"><span style=\"font-size: medium;\">und dem <a href=\"https:\/\/kucaf.blogspot.com\/2018\/10\/kulturverfall.html\" target=\"_blank\" rel=\"noopener\">Kulturverfall<\/a> entgegengewirkt. <\/span><\/span><\/p>\n<p align=\"JUSTIFY\"><span style=\"font-family: Times New Roman, serif;\"><span style=\"font-size: medium;\">Und wie ist in der <a href=\"https:\/\/www.freidenker.org\/?page_id=64\" target=\"_blank\" rel=\"noopener\">Berliner Erkl\u00e4rung<\/a> von 1994 unteranderem nachzulesen <em>\u201eder Deutsche Freidenker-Verband als Weltanschauungsgemeinschaft versteht darunter ein Denken (freiem Denken),<\/em><\/span><\/span><\/p>\n<ul type=\"DISC\">\n<li>\n<p align=\"JUSTIFY\"><em><span style=\"font-family: Times New Roman, serif;\"><span style=\"font-size: medium;\">das sich befreit von religi\u00f6sen oder anderen Dogmen und Tabus, <\/span><\/span><\/em><\/p>\n<\/li>\n<li>\n<p align=\"JUSTIFY\"><em><span style=\"font-family: Times New Roman, serif;\"><span style=\"font-size: medium;\">das jeweils die Suche nach der Wahrheit zum wichtigsten Kriterium hat und dem Wohl des Menschen und der Menschheit verpflichtet ist, <\/span><\/span><\/em><\/p>\n<\/li>\n<li>\n<p align=\"JUSTIFY\"><em><span style=\"font-family: Times New Roman, serif;\"><span style=\"font-size: medium;\">das f\u00fcr die weltanschauliche Selbstbestimmung des Menschen eintritt <\/span><\/span><\/em><\/p>\n<\/li>\n<li>\n<p align=\"JUSTIFY\"><em><span style=\"font-family: Times New Roman, serif;\"><span style=\"font-size: medium;\">dem die \u00dcberzeugung zugrunde liegt, dass der Mensch die F\u00e4higkeit besitzt, sich ein Bild von der Welt, wie sie wirklich ist, und seinem Platz in ihr zu machen, seinen Selbstwert aus diesem Zusammenhang zu begreifen und seinem Leben so begr\u00fcndet einen Sinn zu geben, <\/span><\/span><\/em><\/p>\n<\/li>\n<li>\n<p align=\"JUSTIFY\"><em><span style=\"font-family: Times New Roman, serif;\"><span style=\"font-size: medium;\">das gepr\u00e4gt ist durch die Erfahrungen und den Umgang mit den vielf\u00e4ltigen pers\u00f6nlichen und gesellschaftlichen Lebensbereichen, den Widerspr\u00fcchen, Konflikten und deren L\u00f6sungsm\u00f6glichkeiten, die zur pers\u00f6nlichen Lebenserfahrung werden, <\/span><\/span><\/em><\/p>\n<\/li>\n<li>\n<p align=\"JUSTIFY\"><span style=\"font-family: Times New Roman, serif;\"><span style=\"font-size: medium;\"><em>das ausschlie\u00dft, dass dem Menschen durch ein religi\u00f6ses Bekenntnis oder ein von fremder Instanz verordnetes Weltbild die Verantwortung f\u00fcr das eigene Denken und Handeln, f\u00fcr die eigene Lebensgestaltung abgenommen werden kann.\u201c<\/em> <\/span><\/span><\/p>\n<\/li>\n<\/ul>\n<p align=\"JUSTIFY\"><span style=\"font-family: Times New Roman, serif;\"><span style=\"font-size: medium;\">Das ein solches Denken in der gegenw\u00e4rtigen Zeit nicht einfach ist, kann gut erkannt werden, wenn gegenw\u00e4rtige Auseinandersetzungen betrachtet, ob diese nun die aktuellen Krisen, \u00f6konomisch bestimmt, politisches Agieren motivierend, sich zum Beispiel in einer Politik der Pandemie, zur Vorbereitung der Erg\u00e4nzung der Politik mit anderen Mitteln, also Krieg, welcher gegenw\u00e4rtig im Zentrum Europas gef\u00fchrt, spiegelt, oder die verschiedensten Orte, Mittel, Wege, Arten der Auseinandersetzung mit diesen Problemen zu f\u00fchren sind. <\/span><\/span><!--more--><\/p>\n<p align=\"JUSTIFY\"><span style=\"font-family: Times New Roman, serif;\"><span style=\"font-size: medium;\">Kunst ist eine Form der Auseinandersetzung und der Linke Liedersommer tr\u00e4gt dem Rechnung, dass das nicht ohne Auseinandersetzung, ohne Widerspruch zu haben ist, ist nicht ungew\u00f6hnlich, sondern eigentlich normal, in einem sich versch\u00e4rfenden Ma\u00dfe und einem weithin propagierten Denken in einfachen, aber manifestierten Gegens\u00e4tzen. Die Welt ist allerdings ein Komplex von Prozessen und nicht von fertigen Dingen, wie vor \u00fcber 100 Jahren schon <a href=\"https:\/\/kucaf.blogspot.com\/2013\/10\/die-welt-ein-komplex-von-prozessen.html\" target=\"_blank\" rel=\"noopener\">erkannt<\/a>, leider allerdings viel zu oft vergessen, auch weil die <a href=\"https:\/\/kucaf.blogspot.com\/2009\/01\/geistige-manipulierung.html\" target=\"_blank\" rel=\"noopener\">geistige Manipulation<\/a> in der Gegenwart wahre H\u00f6henpfl\u00fcge vollf\u00fchrt, auch im k\u00fcnstlerisch-kulturellem Leben. Letzteres nicht nur Ausdruck f\u00fcr die sich zuspitzenden Widerspr\u00fcche in der Gesellschaft, sondern auch f\u00fcr die sich damit versch\u00e4rfenden Auseinandersetzungen, welche an H\u00e4rte zunehmen und vom Niedergang des gegenw\u00e4rtigen gesellschaftlichen Systems in exzessiver <\/span><\/span><span style=\"font-family: Times New Roman, serif;\"><span style=\"font-size: medium;\">Form zeugen. Das allgemeine Bildungssystem leistet Vorschub, es wird mehr und mehr geschleift, es ist verp\u00f6nt in Zusammenh\u00e4ngen zu denken und Schemen wie Gut und Schlecht, daf\u00fcr &#8211; dagegen sind allgegenw\u00e4rtig, Kunst wird genutzt dieses zu verst\u00e4rken, Kunst kann diesem allerdings auch entgegenwirken. <\/span><\/span><\/p>\n<p align=\"JUSTIFY\"><span style=\"font-family: Times New Roman, serif;\"><span style=\"font-size: medium;\">Kunst ist Waffe, der linke Liedersommer taugt diese Waffe im progressiven Sinn zu sch\u00e4rfen, nicht im Interesse der gegenw\u00e4rtig Herrschenden, welche lieber den kulturellen Niedergang befeuern und Kunst in allgemeiner Beliebigkeit sucht zu ersticken. <\/span><\/span><\/p>\n<p align=\"JUSTIFY\"><span style=\"font-family: Times New Roman, serif;\"><span style=\"font-size: medium;\">Dem Linken Liedersommer die besten Erfolge und eine Strahlkraft \u00fcber diesen hinaus. <\/span><\/span><\/p>\n","protected":false},"excerpt":{"rendered":"<p>Nur an einem anderen Ort als urspr\u00fcnglich geplant. Termin ist das n\u00e4chste Wochenende (10. \u2013 12.06.2022) und es wird sicher wieder eine interessante Veranstaltung, in welcher es vorrangig um progressive linke Kultur in diesem Land geht. Insbesondere um Formen der k\u00fcnstlerischen Kultur, welche sich kritisch mit der aktuellen Politik auseinandersetzen und nicht in allgemeiner und oft \u00fcblicher Beliebigkeit gefangen, das nachspielt, das nachsingt und deklariert, was die herrschaftliche Politik vorgibt und in ihren Medien zul\u00e4sst. Da dem so ist und [&#8230;]<\/p>\n","protected":false},"author":5,"featured_media":773,"comment_status":"open","ping_status":"open","sticky":false,"template":"","format":"standard","meta":{"_jetpack_memberships_contains_paid_content":false,"footnotes":""},"categories":[2,52,21],"tags":[9,17,5],"class_list":["post-770","post","type-post","status-publish","format-standard","has-post-thumbnail","hentry","category-aktuelles","category-kuenstlerisch-kulturell","category-termine-veranstaltungen","tag-kunst","tag-politik","tag-veranstaltung"],"jetpack_featured_media_url":"https:\/\/www.sachsen-anhalt.freidenker.org\/cms\/wp-content\/uploads\/2022\/06\/Feuer.jpg","jetpack_sharing_enabled":true,"_links":{"self":[{"href":"https:\/\/www.sachsen-anhalt.freidenker.org\/cms\/index.php?rest_route=\/wp\/v2\/posts\/770","targetHints":{"allow":["GET"]}}],"collection":[{"href":"https:\/\/www.sachsen-anhalt.freidenker.org\/cms\/index.php?rest_route=\/wp\/v2\/posts"}],"about":[{"href":"https:\/\/www.sachsen-anhalt.freidenker.org\/cms\/index.php?rest_route=\/wp\/v2\/types\/post"}],"author":[{"embeddable":true,"href":"https:\/\/www.sachsen-anhalt.freidenker.org\/cms\/index.php?rest_route=\/wp\/v2\/users\/5"}],"replies":[{"embeddable":true,"href":"https:\/\/www.sachsen-anhalt.freidenker.org\/cms\/index.php?rest_route=%2Fwp%2Fv2%2Fcomments&post=770"}],"version-history":[{"count":8,"href":"https:\/\/www.sachsen-anhalt.freidenker.org\/cms\/index.php?rest_route=\/wp\/v2\/posts\/770\/revisions"}],"predecessor-version":[{"id":781,"href":"https:\/\/www.sachsen-anhalt.freidenker.org\/cms\/index.php?rest_route=\/wp\/v2\/posts\/770\/revisions\/781"}],"wp:featuredmedia":[{"embeddable":true,"href":"https:\/\/www.sachsen-anhalt.freidenker.org\/cms\/index.php?rest_route=\/wp\/v2\/media\/773"}],"wp:attachment":[{"href":"https:\/\/www.sachsen-anhalt.freidenker.org\/cms\/index.php?rest_route=%2Fwp%2Fv2%2Fmedia&parent=770"}],"wp:term":[{"taxonomy":"category","embeddable":true,"href":"https:\/\/www.sachsen-anhalt.freidenker.org\/cms\/index.php?rest_route=%2Fwp%2Fv2%2Fcategories&post=770"},{"taxonomy":"post_tag","embeddable":true,"href":"https:\/\/www.sachsen-anhalt.freidenker.org\/cms\/index.php?rest_route=%2Fwp%2Fv2%2Ftags&post=770"}],"curies":[{"name":"wp","href":"https:\/\/api.w.org\/{rel}","templated":true}]}}